{"id":326402,"date":"2017-05-17T00:07:58","date_gmt":"2017-05-17T05:07:58","guid":{"rendered":"http:\/\/www.diarioimagen.net\/?p=326402"},"modified":"2017-05-17T01:45:19","modified_gmt":"2017-05-17T06:45:19","slug":"el-pais-que-mata-a-sus-periodistas","status":"publish","type":"post","link":"https:\/\/www.diarioimagen.net\/?p=326402","title":{"rendered":"El pa\u00eds que mata a sus periodistas"},"content":{"rendered":"<h2>Detr\u00e1s del Poder<\/h2>\n<h5>Jos\u00e9 Antonio L\u00f3pez Sosa<\/h5>\n<p>&nbsp;<\/p>\n<p>En eso nos hemos convertido, en una naci\u00f3n donde asesinar periodistas es parte del mosaico delincuencial que desde hace a\u00f1os es el com\u00fan denominador en nuestra sociedad.<\/p>\n<p>\u00bfPor qu\u00e9 referirse al pa\u00eds y no a los delincuentes que los asesinaron?, dir\u00e1n los defensores de la clase pol\u00edtica en turno, la respuesta es m\u00e1s que simple, porque ni gobierno, ni sociedad hemos tenido la preocupaci\u00f3n \u2014hablo en t\u00e9rminos generales\u2014, por en verdad, resolver alguno de estos cr\u00edmenes y evitar que sigan sucediendo.<\/p>\n<p>Para la justicia mexicana un periodista asesinado resulta parte de la estad\u00edstica, no observan lo grave que resulta que por ejercer una profesi\u00f3n en libertad, que tanto requiere el estado mexicano, vaya de por medio la vida misma, algo verdaderamente surrealista y dantesco.<\/p>\n<p>La fiscal\u00eda adscrita a los periodistas en la Procudadur\u00eda General de la Rep\u00fablica (PGR) no es m\u00e1s que un ente burocr\u00e1tico gastando del erario, que no ha podido resolver uno solo de los casos a lo largo y ancho del pa\u00eds.<\/p>\n<p>Ning\u00fan partido pol\u00edtico en el ejercicio del poder tiene compromiso alguno con los periodistas en M\u00e9xico, ya no digamos para preservar la libertad de expresi\u00f3n, ni siquiera para garantizarles la vida.<\/p>\n<p>Somos un pa\u00eds que mata a sus periodistas, somos una sociedad que no se siente alarmada porque le maten a sus periodistas, tenemos un gobierno al que no le importa que quienes ejercen el periodismo tengan el elemental derecho a la vida.<\/p>\n<p>Si bien es cierto, el crimen organizado amenaza a distintos flancos de la sociedad, el incremento de los \u00edndices delincuenciales no refleja m\u00e1s que una incapacidad de los distintos niveles de gobierno por solucionar el problema.<\/p>\n<p>Sexenios van, sexenios vienen, campa\u00f1as van, promesas se rompen y seguimos como ayer, como anteayer, como seguramente amaneceremos ma\u00f1ana: con un pa\u00eds que ve morir a sus periodistas sin preocupaci\u00f3n alguna.<\/p>\n<p>M\u00e9xico es una verg\u00fcenza ante el mundo en esta materia, no somos un pa\u00eds en guerra pero las cifras de atentados y asesinatos a periodistas son m\u00e1s elevadas que pa\u00edses que est\u00e1n en francos conflictos armados.<\/p>\n<p>\u00bfHasta cu\u00e1ndo?, es la pregunta de todos los d\u00edas.<\/p>\n<p><em><a href=\"http:\/\/www.lopezsosa.com\" target=\"_blank\" rel=\"noopener noreferrer\">www.lopezsosa.com<\/a><br \/>\n<a href=\"mailto:joseantonio@lopezsosa.com\" target=\"_blank\" rel=\"noopener noreferrer\">joseantonio@lopezsosa.com<\/a><br \/>\n<a href=\"http:\/\/twitter.com\/joseantonio1977\" target=\"_blank\" rel=\"noopener noreferrer\">@joseantonio1977<\/a><\/em><\/p>\n","protected":false},"excerpt":{"rendered":"<p><span style=\"color: #005497;\"><strong>Jos\u00e9 Antonio L\u00f3pez Sosa<\/strong><\/span><\/p>\n","protected":false},"author":3,"featured_media":0,"comment_status":"open","ping_status":"open","sticky":false,"template":"","format":"standard","meta":{"_monsterinsights_skip_tracking":false,"_monsterinsights_sitenote_active":false,"_monsterinsights_sitenote_note":"","_monsterinsights_sitenote_category":0,"footnotes":""},"categories":[637],"tags":[638,43690,43674],"class_list":["post-326402","post","type-post","status-publish","format-standard","hentry","category-jose-antonio-lopez-sosa","tag-detras-del-poder","tag-jose-antonio-lopez-sosa","tag-opinion"],"_links":{"self":[{"href":"https:\/\/www.diarioimagen.net\/index.php?rest_route=\/wp\/v2\/posts\/326402","targetHints":{"allow":["GET"]}}],"collection":[{"href":"https:\/\/www.diarioimagen.net\/index.php?rest_route=\/wp\/v2\/posts"}],"about":[{"href":"https:\/\/www.diarioimagen.net\/index.php?rest_route=\/wp\/v2\/types\/post"}],"author":[{"embeddable":true,"href":"https:\/\/www.diarioimagen.net\/index.php?rest_route=\/wp\/v2\/users\/3"}],"replies":[{"embeddable":true,"href":"https:\/\/www.diarioimagen.net\/index.php?rest_route=%2Fwp%2Fv2%2Fcomments&post=326402"}],"version-history":[{"count":0,"href":"https:\/\/www.diarioimagen.net\/index.php?rest_route=\/wp\/v2\/posts\/326402\/revisions"}],"wp:attachment":[{"href":"https:\/\/www.diarioimagen.net\/index.php?rest_route=%2Fwp%2Fv2%2Fmedia&parent=326402"}],"wp:term":[{"taxonomy":"category","embeddable":true,"href":"https:\/\/www.diarioimagen.net\/index.php?rest_route=%2Fwp%2Fv2%2Fcategories&post=326402"},{"taxonomy":"post_tag","embeddable":true,"href":"https:\/\/www.diarioimagen.net\/index.php?rest_route=%2Fwp%2Fv2%2Ftags&post=326402"}],"curies":[{"name":"wp","href":"https:\/\/api.w.org\/{rel}","templated":true}]}}