{"id":326961,"date":"2017-05-22T00:09:38","date_gmt":"2017-05-22T05:09:38","guid":{"rendered":"http:\/\/www.diarioimagen.net\/?p=326961"},"modified":"2017-05-22T02:08:08","modified_gmt":"2017-05-22T07:08:08","slug":"da-un-ano-de-prision-preventiva-a-ex-vocera-de-javier-duarte","status":"publish","type":"post","link":"https:\/\/www.diarioimagen.net\/?p=326961","title":{"rendered":"Encarcelan a ex vocera de Javier Duarte por desv\u00edo"},"content":{"rendered":"<ul>\n<li><strong><em>Preventiva<\/em><\/strong><\/li>\n<\/ul>\n<p>&nbsp;<\/p>\n<div id=\"attachment_326962\" style=\"width: 470px\" class=\"wp-caption aligncenter\"><a href=\"http:\/\/www.diarioimagen.net\/?attachment_id=326962\" rel=\"attachment wp-att-326962\"><img loading=\"lazy\" decoding=\"async\" aria-describedby=\"caption-attachment-326962\" class=\"wp-image-326962 size-large\" src=\"http:\/\/www.diarioimagen.net\/wp-content\/uploads\/2017\/05\/EXVOCERA22-portal-460x268.jpg\" alt=\"\" width=\"460\" height=\"268\" srcset=\"https:\/\/www.diarioimagen.net\/wp-content\/uploads\/2017\/05\/EXVOCERA22-portal-460x268.jpg 460w, https:\/\/www.diarioimagen.net\/wp-content\/uploads\/2017\/05\/EXVOCERA22-portal-240x140.jpg 240w, https:\/\/www.diarioimagen.net\/wp-content\/uploads\/2017\/05\/EXVOCERA22-portal.jpg 480w\" sizes=\"auto, (max-width: 460px) 100vw, 460px\" \/><\/a><p id=\"caption-attachment-326962\" class=\"wp-caption-text\">Una juez le dict\u00f3 un a\u00f1o de prisi\u00f3n preventiva a Gina Dom\u00ednguez Col\u00edo, ex vocera Javier Duarte de Ochoa.<\/p><\/div>\n<p>&nbsp;<\/p>\n<p>A Gina Dom\u00ednguez Col\u00edo, ex coordinadora de Comunicaci\u00f3n Social del gobierno de Veracruz, en el periodo de 2010 a 2014, le fue dictada una pena de un a\u00f1o de prisi\u00f3n preventiva por presunto desv\u00edo de 100 millones de pesos.<\/p>\n<p>La ex colaboradora de Javier Duarte de Ochoa y quien fuera detenida la noche del s\u00e1bado acusada de los delitos de abuso de autoridad, incumplimiento de un deber legal y coalici\u00f3n en contra del servicio p\u00fablico, fue encarcelada en el penal de Pacho Viejo.<\/p>\n<p>La juez Ver\u00f3nica Portilla Suazo determin\u00f3 la medida cautelar de un a\u00f1o de prisi\u00f3n al considerar que hab\u00eda riesgo de fuga de la ex funcionaria, pues se comprob\u00f3 que tiene varios domicilios.<\/p>\n<p>Dom\u00ednguez Col\u00edo ejerci\u00f3 un poder casi absoluto, mano dura contra medios de comunicaci\u00f3n, un f\u00e9rreo control de la informaci\u00f3n, pero tambi\u00e9n otorg\u00f3 jugosos convenios publicitarios con medios locales y nacionales.<\/p>\n<p>La juez inform\u00f3 que la audiencia de vinculaci\u00f3n se realizar\u00e1 el viernes 26 de mayo, a las 5 de la tarde. Al salir de la Sala de Juicios Orales, Dom\u00ednguez Col\u00edo fue trasladada al interior del Centro de Readaptaci\u00f3n Social (Cereso) de Pacho Viejo, en espera de la pr\u00f3xima audiencia.<\/p>\n<p>La audiencia inici\u00f3 a las 2 de la ma\u00f1ana, pero se prolong\u00f3 hasta las 7:00 horas debido a que su abogado, su hermano Uriel Dom\u00ednguez Col\u00edo, solicit\u00f3 un receso para conocer las carpetas de investigaci\u00f3n, pues aleg\u00f3 que hasta ese momento no las conoc\u00eda.<\/p>\n<p>Al reanudar la audiencia, la juez inform\u00f3 sobre la medida cautelar y fij\u00f3 que la audiencia de vinculaci\u00f3n se llevar\u00e1 a cabo el pr\u00f3ximo viernes 26 de mayo a las 5 de la tarde. A su salida de la coordinaci\u00f3n, el entonces mandatario, hoy detenido en Guatemala, Javier Duarte de Ochoa, la envi\u00f3 a la Oficina del Gobernador, donde segu\u00eda siendo una de las m\u00e1s poderosas integrantes del gabinete estatal.<\/p>\n<p>Al dejar la administraci\u00f3n estatal, Dominguez Col\u00edo abri\u00f3 diversas cafeter\u00edas y es se\u00f1alada de ser propietaria de Servicios Estrat\u00e9gicos de Comunicaci\u00f3n e Imagen, empresa que recibi\u00f3 17 millones de pesos cuando era vocera.<\/p>\n","protected":false},"excerpt":{"rendered":"<p>A Gina Dom\u00ednguez Col\u00edo, ex coordinadora de Comunicaci\u00f3n Social del gobierno de Veracruz, en el periodo de 2010 a 2014, le fue dictada una pena de un a\u00f1o de prisi\u00f3n preventiva por presunto desv\u00edo de 100 millones de pesos.<\/p>\n","protected":false},"author":5,"featured_media":326962,"comment_status":"open","ping_status":"open","sticky":false,"template":"","format":"standard","meta":{"_monsterinsights_skip_tracking":false,"_monsterinsights_sitenote_active":false,"_monsterinsights_sitenote_note":"","_monsterinsights_sitenote_category":0,"footnotes":""},"categories":[7],"tags":[49112,486,22715,43677,52],"class_list":["post-326961","post","type-post","status-publish","format-standard","has-post-thumbnail","hentry","category-seguridad","tag-javier-duarte","tag-javier-duarte-de-ochoa","tag-presa","tag-seguridad","tag-veracruz"],"_links":{"self":[{"href":"https:\/\/www.diarioimagen.net\/index.php?rest_route=\/wp\/v2\/posts\/326961","targetHints":{"allow":["GET"]}}],"collection":[{"href":"https:\/\/www.diarioimagen.net\/index.php?rest_route=\/wp\/v2\/posts"}],"about":[{"href":"https:\/\/www.diarioimagen.net\/index.php?rest_route=\/wp\/v2\/types\/post"}],"author":[{"embeddable":true,"href":"https:\/\/www.diarioimagen.net\/index.php?rest_route=\/wp\/v2\/users\/5"}],"replies":[{"embeddable":true,"href":"https:\/\/www.diarioimagen.net\/index.php?rest_route=%2Fwp%2Fv2%2Fcomments&post=326961"}],"version-history":[{"count":0,"href":"https:\/\/www.diarioimagen.net\/index.php?rest_route=\/wp\/v2\/posts\/326961\/revisions"}],"wp:featuredmedia":[{"embeddable":true,"href":"https:\/\/www.diarioimagen.net\/index.php?rest_route=\/wp\/v2\/media\/326962"}],"wp:attachment":[{"href":"https:\/\/www.diarioimagen.net\/index.php?rest_route=%2Fwp%2Fv2%2Fmedia&parent=326961"}],"wp:term":[{"taxonomy":"category","embeddable":true,"href":"https:\/\/www.diarioimagen.net\/index.php?rest_route=%2Fwp%2Fv2%2Fcategories&post=326961"},{"taxonomy":"post_tag","embeddable":true,"href":"https:\/\/www.diarioimagen.net\/index.php?rest_route=%2Fwp%2Fv2%2Ftags&post=326961"}],"curies":[{"name":"wp","href":"https:\/\/api.w.org\/{rel}","templated":true}]}}