{"id":327095,"date":"2017-05-22T00:07:16","date_gmt":"2017-05-22T05:07:16","guid":{"rendered":"http:\/\/www.diarioimagen.net\/?p=327095"},"modified":"2017-05-22T01:56:17","modified_gmt":"2017-05-22T06:56:17","slug":"ante-la-crisis-los-antagonicos-se-unen","status":"publish","type":"post","link":"https:\/\/www.diarioimagen.net\/?p=327095","title":{"rendered":"Ante la crisis, los antag\u00f3nicos se unen"},"content":{"rendered":"<h2>Detr\u00e1s del Poder<\/h2>\n<h5>Jos\u00e9 Antonio L\u00f3pez Sosa<\/h5>\n<p>&nbsp;<\/p>\n<p>Tarde para la elecci\u00f3n del Estado de M\u00e9xico y muy temprano para la elecci\u00f3n federal de 2018, el Partido Acci\u00f3n Nacional (PAN) y el Partido de la Revoluci\u00f3n Democr\u00e1tica (PRD) anunciaron que ir\u00e1n en conjunto para las justas electorales del a\u00f1o entrante.<\/p>\n<p>Una vez m\u00e1s, izquierda y derecha se unen anteponiendo la b\u00fasqueda de votos, a sus principios b\u00e1sicos y sobre todo, a la ideolog\u00eda que los fund\u00f3 por diferentes cauces de la pol\u00edtica.<\/p>\n<p>Indiscutiblemente ninguno de los dos partidos en cuesti\u00f3n consultaron a sus bases con relaci\u00f3n a esta alianza, sencillamente porque su \u00fanico objetivo es tener votos, no la confianza de su militancia.<\/p>\n<p>Dos visiones del mundo distintas, dos ideolog\u00edas pol\u00edticas completamente antag\u00f3nicas se unen con tal de conservar y aumentar su poder.<\/p>\n<p>Una vez m\u00e1s se prueba que gran parte de la clase pol\u00edtica carece de escr\u00fapulos y seriedad cuando se atraviesan las elecciones. El a\u00f1o enrante sabr\u00e1n si la gente crey\u00f3 o no en esa alianza entre antag\u00f3nicos.<\/p>\n<p style=\"text-align: center;\"><strong>Contingencia r\u00e9cord<\/strong><\/p>\n<p>Desde el a\u00f1o 2000 que no se registraba una contigencia ambiental de este tama\u00f1o en la Ciudad de M\u00e9xico. Curiosamente, a\u00fan cuando el propio gobierno conmina a no realizar actividades f\u00edsicas al aire libre a la poblaci\u00f3n, no se suspendi\u00f3 el domingo de bicicletas en Reforma, tampoco los eventos deportivos ayer en la capital del pa\u00eds.<\/p>\n<p style=\"text-align: center;\"><strong>Cuarenta a\u00f1os de Hoteles Misi\u00f3n<\/strong><\/p>\n<p>La noche del viernes en Juriquilla, Quer\u00e9taro, se celebraron las cuatro d\u00e9cadas de la cadena mexicana Hoteles Misi\u00f3n, con la presencia del secretario de Turismo, Enrique de la Madrid, as\u00ed como secretarios de turismo de ocho entidades del pa\u00eds, el director general de la cadena agradeci\u00f3 a todos los sectores involucrados por ser testigos de estas cuatro d\u00e9cadas de crecimiento.<\/p>\n<p><em><a href=\"http:\/\/www.lopezsosa.com\" target=\"_blank\" rel=\"noopener noreferrer\">www.lopezsosa.com<\/a><br \/>\n<a href=\"mailto:joseantonio@lopezsosa.com\" target=\"_blank\" rel=\"noopener noreferrer\">joseantonio@lopezsosa.com<\/a><br \/>\n<a href=\"http:\/\/twitter.com\/joseantonio1977\" target=\"_blank\" rel=\"noopener noreferrer\">@joseantonio1977<\/a><\/em><\/p>\n","protected":false},"excerpt":{"rendered":"<p><span style=\"color: #005497;\"><strong>Jos\u00e9 Antonio L\u00f3pez Sosa<\/strong><\/span><\/p>\n","protected":false},"author":3,"featured_media":0,"comment_status":"open","ping_status":"open","sticky":false,"template":"","format":"standard","meta":{"_monsterinsights_skip_tracking":false,"_monsterinsights_sitenote_active":false,"_monsterinsights_sitenote_note":"","_monsterinsights_sitenote_category":0,"footnotes":""},"categories":[637],"tags":[638,43690,43674],"class_list":["post-327095","post","type-post","status-publish","format-standard","hentry","category-jose-antonio-lopez-sosa","tag-detras-del-poder","tag-jose-antonio-lopez-sosa","tag-opinion"],"_links":{"self":[{"href":"https:\/\/www.diarioimagen.net\/index.php?rest_route=\/wp\/v2\/posts\/327095","targetHints":{"allow":["GET"]}}],"collection":[{"href":"https:\/\/www.diarioimagen.net\/index.php?rest_route=\/wp\/v2\/posts"}],"about":[{"href":"https:\/\/www.diarioimagen.net\/index.php?rest_route=\/wp\/v2\/types\/post"}],"author":[{"embeddable":true,"href":"https:\/\/www.diarioimagen.net\/index.php?rest_route=\/wp\/v2\/users\/3"}],"replies":[{"embeddable":true,"href":"https:\/\/www.diarioimagen.net\/index.php?rest_route=%2Fwp%2Fv2%2Fcomments&post=327095"}],"version-history":[{"count":0,"href":"https:\/\/www.diarioimagen.net\/index.php?rest_route=\/wp\/v2\/posts\/327095\/revisions"}],"wp:attachment":[{"href":"https:\/\/www.diarioimagen.net\/index.php?rest_route=%2Fwp%2Fv2%2Fmedia&parent=327095"}],"wp:term":[{"taxonomy":"category","embeddable":true,"href":"https:\/\/www.diarioimagen.net\/index.php?rest_route=%2Fwp%2Fv2%2Fcategories&post=327095"},{"taxonomy":"post_tag","embeddable":true,"href":"https:\/\/www.diarioimagen.net\/index.php?rest_route=%2Fwp%2Fv2%2Ftags&post=327095"}],"curies":[{"name":"wp","href":"https:\/\/api.w.org\/{rel}","templated":true}]}}