{"id":327253,"date":"2017-05-23T00:09:39","date_gmt":"2017-05-23T05:09:39","guid":{"rendered":"http:\/\/www.diarioimagen.net\/?p=327253"},"modified":"2017-05-23T04:49:51","modified_gmt":"2017-05-23T09:49:51","slug":"izamiento-de-bandera-en-toluca-acto-de-identidad","status":"publish","type":"post","link":"https:\/\/www.diarioimagen.net\/?p=327253","title":{"rendered":"Izamiento de bandera en Toluca, acto de identidad"},"content":{"rendered":"<ul>\n<li><strong><em>Cada lunes se llevar\u00e1 a cabo con estudiantes de los diferentes niveles<\/em><\/strong><\/li>\n<\/ul>\n<p>&nbsp;<\/p>\n<div id=\"attachment_327354\" style=\"width: 470px\" class=\"wp-caption aligncenter\"><a href=\"http:\/\/www.diarioimagen.net\/?attachment_id=327354\" rel=\"attachment wp-att-327354\"><img loading=\"lazy\" decoding=\"async\" aria-describedby=\"caption-attachment-327354\" class=\"size-large wp-image-327354\" src=\"http:\/\/www.diarioimagen.net\/wp-content\/uploads\/2017\/05\/BANDERA-3125-460x333.jpg\" alt=\"\" width=\"460\" height=\"333\" srcset=\"https:\/\/www.diarioimagen.net\/wp-content\/uploads\/2017\/05\/BANDERA-3125-460x333.jpg 460w, https:\/\/www.diarioimagen.net\/wp-content\/uploads\/2017\/05\/BANDERA-3125-240x174.jpg 240w, https:\/\/www.diarioimagen.net\/wp-content\/uploads\/2017\/05\/BANDERA-3125-90x65.jpg 90w, https:\/\/www.diarioimagen.net\/wp-content\/uploads\/2017\/05\/BANDERA-3125.jpg 700w\" sizes=\"auto, (max-width: 460px) 100vw, 460px\" \/><\/a><p id=\"caption-attachment-327354\" class=\"wp-caption-text\">Cada lunes, este acto c\u00edvico se llevar\u00e1 a cabo con estudiantes de los diferentes niveles educativos, adem\u00e1s elementos de la CES.<\/p><\/div>\n<p>&nbsp;<\/p>\n<p><strong>Toluca, Estado de M\u00e9xico<\/strong>.- Todos los d\u00edas, los elementos de la Comisi\u00f3n Estatal de Seguridad se postran en la plancha de la capital mexiquense para izar la Bandera Nacional como un acto de identidad.<\/p>\n<p>En punto de las 08:00 horas, elementos de la Fuerza Especial de Seguridad realizan un acto solemne dirigido por la banda de guerra que custodia el L\u00e1baro Patrio, del Palacio de Gobierno hacia el asta ubicada en la Plaza de Los M\u00e1rtires.<\/p>\n<p>Esto se hace con el fin de rendir homenaje a la Bandera Nacional y que la sociedad recuerde que uno de los s\u00edmbolos de nuestra nacionalidad es el lienzo tricolor, el cual nos impulsa a conquistar la libertad y democracia\u00a0 que caracterizan a los mexicanos.<\/p>\n<p>En esta ocasi\u00f3n se cont\u00f3 con la presencia de docentes y alumnos de la primaria\u00a0 Mar\u00eda Remedios Col\u00f3n y la secundaria oficial Miguel Hidalgo, y as\u00ed como ellos, se invita a todas las instituciones educativas que quieran presenciar el acto c\u00edvico.<\/p>\n<p>A partir del 22 de mayo, cada lunes este acto c\u00edvico se llevar\u00e1 a cabo con estudiantes de los diferentes niveles educativos, adem\u00e1s elementos de las\u00a0 direcciones de la CES los acompa\u00f1ar\u00e1n y dar\u00e1n exposiciones sobre sus diferentes labores de seguridad.<\/p>\n<p>&nbsp;<\/p>\n","protected":false},"excerpt":{"rendered":"<p>Todos los d\u00edas, los elementos de la Comisi\u00f3n Estatal de Seguridad se postran en la plancha de la capital mexiquense para izar la Bandera Nacional como un acto de identidad.<\/p>\n","protected":false},"author":3,"featured_media":327354,"comment_status":"open","ping_status":"open","sticky":false,"template":"","format":"standard","meta":{"_monsterinsights_skip_tracking":false,"_monsterinsights_sitenote_active":false,"_monsterinsights_sitenote_note":"","_monsterinsights_sitenote_category":0,"footnotes":""},"categories":[35155],"tags":[19694,43675,452],"class_list":["post-327253","post","type-post","status-publish","format-standard","has-post-thumbnail","hentry","category-estado-de-mexico-estado-de-mexico","tag-bandera","tag-estado-de-mexico","tag-toluca"],"_links":{"self":[{"href":"https:\/\/www.diarioimagen.net\/index.php?rest_route=\/wp\/v2\/posts\/327253","targetHints":{"allow":["GET"]}}],"collection":[{"href":"https:\/\/www.diarioimagen.net\/index.php?rest_route=\/wp\/v2\/posts"}],"about":[{"href":"https:\/\/www.diarioimagen.net\/index.php?rest_route=\/wp\/v2\/types\/post"}],"author":[{"embeddable":true,"href":"https:\/\/www.diarioimagen.net\/index.php?rest_route=\/wp\/v2\/users\/3"}],"replies":[{"embeddable":true,"href":"https:\/\/www.diarioimagen.net\/index.php?rest_route=%2Fwp%2Fv2%2Fcomments&post=327253"}],"version-history":[{"count":0,"href":"https:\/\/www.diarioimagen.net\/index.php?rest_route=\/wp\/v2\/posts\/327253\/revisions"}],"wp:featuredmedia":[{"embeddable":true,"href":"https:\/\/www.diarioimagen.net\/index.php?rest_route=\/wp\/v2\/media\/327354"}],"wp:attachment":[{"href":"https:\/\/www.diarioimagen.net\/index.php?rest_route=%2Fwp%2Fv2%2Fmedia&parent=327253"}],"wp:term":[{"taxonomy":"category","embeddable":true,"href":"https:\/\/www.diarioimagen.net\/index.php?rest_route=%2Fwp%2Fv2%2Fcategories&post=327253"},{"taxonomy":"post_tag","embeddable":true,"href":"https:\/\/www.diarioimagen.net\/index.php?rest_route=%2Fwp%2Fv2%2Ftags&post=327253"}],"curies":[{"name":"wp","href":"https:\/\/api.w.org\/{rel}","templated":true}]}}