{"id":327258,"date":"2017-05-23T00:08:56","date_gmt":"2017-05-23T05:08:56","guid":{"rendered":"http:\/\/www.diarioimagen.net\/?p=327258"},"modified":"2017-05-23T05:06:38","modified_gmt":"2017-05-23T10:06:38","slug":"narran-en-libro-la-historia-parroquial-de-tlalnepantla","status":"publish","type":"post","link":"https:\/\/www.diarioimagen.net\/?p=327258","title":{"rendered":"Narran en libro la historia parroquial de Tlalnepantla"},"content":{"rendered":"<ul>\n<li><strong><em>\u201cCofrad\u00eda del Se\u00f1or San Isidro Labrador\u201d<\/em><\/strong><\/li>\n<\/ul>\n<p>&nbsp;<\/p>\n<p><a href=\"http:\/\/www.diarioimagen.net\/?attachment_id=327363\" rel=\"attachment wp-att-327363\"><img loading=\"lazy\" decoding=\"async\" class=\"aligncenter size-large wp-image-327363\" src=\"http:\/\/www.diarioimagen.net\/wp-content\/uploads\/2017\/05\/TLALNEPANTLA-3125-460x275.jpg\" alt=\"\" width=\"460\" height=\"275\" srcset=\"https:\/\/www.diarioimagen.net\/wp-content\/uploads\/2017\/05\/TLALNEPANTLA-3125-460x275.jpg 460w, https:\/\/www.diarioimagen.net\/wp-content\/uploads\/2017\/05\/TLALNEPANTLA-3125-240x144.jpg 240w, https:\/\/www.diarioimagen.net\/wp-content\/uploads\/2017\/05\/TLALNEPANTLA-3125.jpg 700w\" sizes=\"auto, (max-width: 460px) 100vw, 460px\" \/><\/a><\/p>\n<p>&nbsp;<\/p>\n<p><strong>Tlalnepantla, Estado de M\u00e9xico<\/strong>.- El tlalnepantlense Rafael Gardu\u00f1o Gardu\u00f1o, dio a conocer su libro \u201cCofrad\u00eda del Se\u00f1or San Isidro Labrador\u201d, resultado de la investigaci\u00f3n realizada sobre un expediente del Archivo Parroquial de Tlalnepantla.<\/p>\n<p>Durante la presentaci\u00f3n de su obra, misma que se llev\u00f3 a cabo en las instalaciones del Archivo Hist\u00f3rico Municipal, el escritor resalt\u00f3 que este proyecto narra s\u00f3lo una parte de la historia parroquial del municipio, ya que algunas\u00a0 tradiciones, pueblos y colonias han quedado rezagadas y no se conocen.<\/p>\n<p>Adem\u00e1s, apunt\u00f3 el autor, se relata c\u00f3mo fue fundada la Cofrad\u00eda de San Isidro Labrador en la\u00a0 parroquia de Corpus Christi y de c\u00f3mo se agruparon los agricultores y hacendados que viv\u00edan en Tlalnepantla, Azcapotzalco y Tacuba, para nombrarlo \u201csu santo patronal\u201d.<\/p>\n<p>Detall\u00f3 que en las p\u00e1ginas del libro se pueden encontrar nombres de vecinos tlalnepantlenses que integraron la mesa directiva de dicha congregaci\u00f3n, as\u00ed como la lista de guardianes y vicarios franciscanos que presid\u00edan las reuniones, daban seguimiento espiritual y aportaban los gastos para las fiestas religiosas.<\/p>\n<p>Explic\u00f3 que de ah\u00ed naci\u00f3 la idea de hacer esta obra hist\u00f3rica para darla a conocer a las nuevas generaciones de Tlalnepantla y que conozcan sus ra\u00edces.<\/p>\n<p>Cabe hacer notar que el ex periodista Rafael Gardu\u00f1o Gardu\u00f1o, tiene 50 a\u00f1os de vivir en el municipio, fue fundador de la colonia Cuauht\u00e9moc y ha sido colaborador de diferentes medios de comunicaci\u00f3n locales y estatales. Actualmente es jefe de la Unidad de Investigaciones Hist\u00f3ricas del Archivo Hist\u00f3rico Municipal.<\/p>\n<p>Esta experiencia lo ha hecho conocedor de los m\u00e1s importantes acontecimientos de Tlalnepantla, pues ha escrito diferentes compendios hist\u00f3ricos de los pueblos que conforman el territorio municipal, entre ellos, Xocoyahualco, Tenayuca, San Jer\u00f3nimo Tepetlacalco, San Pedro Barrientos y San Juan Ixhuatepec.<\/p>\n","protected":false},"excerpt":{"rendered":"<p>El tlalnepantlense Rafael Gardu\u00f1o Gardu\u00f1o, dio a conocer su libro \u201cCofrad\u00eda del Se\u00f1or San Isidro Labrador\u201d, resultado de la investigaci\u00f3n realizada sobre un expediente del Archivo Parroquial de Tlalnepantla.<\/p>\n","protected":false},"author":3,"featured_media":327363,"comment_status":"open","ping_status":"open","sticky":false,"template":"","format":"standard","meta":{"_monsterinsights_skip_tracking":false,"_monsterinsights_sitenote_active":false,"_monsterinsights_sitenote_note":"","_monsterinsights_sitenote_category":0,"footnotes":""},"categories":[35155],"tags":[43675,46669,169],"class_list":["post-327258","post","type-post","status-publish","format-standard","has-post-thumbnail","hentry","category-estado-de-mexico-estado-de-mexico","tag-estado-de-mexico","tag-historia","tag-tlalnepantla"],"_links":{"self":[{"href":"https:\/\/www.diarioimagen.net\/index.php?rest_route=\/wp\/v2\/posts\/327258","targetHints":{"allow":["GET"]}}],"collection":[{"href":"https:\/\/www.diarioimagen.net\/index.php?rest_route=\/wp\/v2\/posts"}],"about":[{"href":"https:\/\/www.diarioimagen.net\/index.php?rest_route=\/wp\/v2\/types\/post"}],"author":[{"embeddable":true,"href":"https:\/\/www.diarioimagen.net\/index.php?rest_route=\/wp\/v2\/users\/3"}],"replies":[{"embeddable":true,"href":"https:\/\/www.diarioimagen.net\/index.php?rest_route=%2Fwp%2Fv2%2Fcomments&post=327258"}],"version-history":[{"count":0,"href":"https:\/\/www.diarioimagen.net\/index.php?rest_route=\/wp\/v2\/posts\/327258\/revisions"}],"wp:featuredmedia":[{"embeddable":true,"href":"https:\/\/www.diarioimagen.net\/index.php?rest_route=\/wp\/v2\/media\/327363"}],"wp:attachment":[{"href":"https:\/\/www.diarioimagen.net\/index.php?rest_route=%2Fwp%2Fv2%2Fmedia&parent=327258"}],"wp:term":[{"taxonomy":"category","embeddable":true,"href":"https:\/\/www.diarioimagen.net\/index.php?rest_route=%2Fwp%2Fv2%2Fcategories&post=327258"},{"taxonomy":"post_tag","embeddable":true,"href":"https:\/\/www.diarioimagen.net\/index.php?rest_route=%2Fwp%2Fv2%2Ftags&post=327258"}],"curies":[{"name":"wp","href":"https:\/\/api.w.org\/{rel}","templated":true}]}}