{"id":327264,"date":"2017-05-23T00:07:17","date_gmt":"2017-05-23T05:07:17","guid":{"rendered":"http:\/\/www.diarioimagen.net\/?p=327264"},"modified":"2017-05-23T05:08:03","modified_gmt":"2017-05-23T10:08:03","slug":"se-suman-ex-candidatos-del-pes-a-josefina-vazquez-mota","status":"publish","type":"post","link":"https:\/\/www.diarioimagen.net\/?p=327264","title":{"rendered":"Se suman ex candidatos del PES a Josefina V\u00e1zquez Mota"},"content":{"rendered":"<ul>\n<li><strong><em>Alerta que Morena no es opci\u00f3n<\/em><\/strong><\/li>\n<\/ul>\n<p>&nbsp;<\/p>\n<div id=\"attachment_327366\" style=\"width: 470px\" class=\"wp-caption aligncenter\"><a href=\"http:\/\/www.diarioimagen.net\/?attachment_id=327366\" rel=\"attachment wp-att-327366\"><img loading=\"lazy\" decoding=\"async\" aria-describedby=\"caption-attachment-327366\" class=\"size-large wp-image-327366\" src=\"http:\/\/www.diarioimagen.net\/wp-content\/uploads\/2017\/05\/JOSEFINA-3125-460x259.jpg\" alt=\"\" width=\"460\" height=\"259\" srcset=\"https:\/\/www.diarioimagen.net\/wp-content\/uploads\/2017\/05\/JOSEFINA-3125-460x259.jpg 460w, https:\/\/www.diarioimagen.net\/wp-content\/uploads\/2017\/05\/JOSEFINA-3125-240x135.jpg 240w, https:\/\/www.diarioimagen.net\/wp-content\/uploads\/2017\/05\/JOSEFINA-3125-235x132.jpg 235w, https:\/\/www.diarioimagen.net\/wp-content\/uploads\/2017\/05\/JOSEFINA-3125-202x114.jpg 202w, https:\/\/www.diarioimagen.net\/wp-content\/uploads\/2017\/05\/JOSEFINA-3125-350x196.jpg 350w, https:\/\/www.diarioimagen.net\/wp-content\/uploads\/2017\/05\/JOSEFINA-3125-220x123.jpg 220w, https:\/\/www.diarioimagen.net\/wp-content\/uploads\/2017\/05\/JOSEFINA-3125-237x132.jpg 237w, https:\/\/www.diarioimagen.net\/wp-content\/uploads\/2017\/05\/JOSEFINA-3125.jpg 480w\" sizes=\"auto, (max-width: 460px) 100vw, 460px\" \/><\/a><p id=\"caption-attachment-327366\" class=\"wp-caption-text\">Josefina V\u00e1zquez Mota agradeci\u00f3 la adhesi\u00f3n de liderazgos del Partido Encuentro Social a su campa\u00f1a.<\/p><\/div>\n<p>&nbsp;<\/p>\n<p><strong>Toluca, Estado de M\u00e9xico<\/strong>.- \u201cPor encima de nuestros partidos y nuestras trayectorias, est\u00e1 el terrible dolor de millones de familias mexiquenses frente a la inseguridad, la corrupci\u00f3n y la pobreza. Estas son las razones que hoy nos convocan a esta Gran Alianza Ciudadana de M\u00e1s que un Cambio\u201d, afirm\u00f3 Josefina V\u00e1zquez Mota, candidata del PAN a la gubernatura del Estado de M\u00e9xico, durante la adhesi\u00f3n de liderazgos del Partido Encuentro Social a su campa\u00f1a.<\/p>\n<p>En conferencia de prensa en el Comit\u00e9 Directivo Municipal del PAN de Toluca, Josefina se\u00f1al\u00f3 que \u201caqu\u00ed lo m\u00e1s valioso, adem\u00e1s de la calidad de los liderazgos que nos acompa\u00f1an, es que aqu\u00ed no hay amenazas ni autoritarismo, sino una gran voluntad ciudadana\u201d.<\/p>\n<p>V\u00e1zquez Mota dio la bienvenida a los liderazgos del PES y agradeci\u00f3 el gran compromiso que asumen con valor y determinaci\u00f3n al sumarse a esta Gran Alianza Ciudadana, como ya lo han hecho militantes de otros partidos pol\u00edticos.<\/p>\n<p>Josefina reconoci\u00f3 a cada uno de los liderazgos que se sumaron el d\u00eda de hoy a su campa\u00f1a PAN, porque detr\u00e1s de cada uno de ellos hay cientos de ciudadanos que los respaldan, y porque en la reflexi\u00f3n con Fernando Mart\u00ednez, coordinador de los ex candidatos del PES, la conclusi\u00f3n es que el PRI ya no es opci\u00f3n para gobernar: hablan de experiencia, pero en 90 a\u00f1os han destruido a las familias mexiquenses, advirti\u00f3.<\/p>\n<p>Alert\u00f3 que Morena tampoco es opci\u00f3n, y que en ese partido se muestran desesperados, y por eso, de manera autoritaria, piden a otras fuerzas pol\u00edticas que se sumen a ellos con un ultim\u00e1tum.<\/p>\n<p>\u201cEl PAN es el \u00fanico partido que puede sacar al PRI del gobierno del Estado de M\u00e9xico, es un cambio real y radical\u201d, afirm\u00f3.<\/p>\n<p>Josefina exhort\u00f3 a todos los militantes que est\u00e9n avergonzados del PRI y de otros partidos a sumarse al PAN, porque un voto por el PRI es una apuesta al pasado, y un voto por Morena, una regresi\u00f3n. S\u00f3lo el PAN, dijo, es futuro en el Estado de M\u00e9xico.<\/p>\n<p>&nbsp;<\/p>\n","protected":false},"excerpt":{"rendered":"<p>\u201cPor encima de nuestros partidos y nuestras trayectorias, est\u00e1 el terrible dolor de millones de familias mexiquenses frente a la inseguridad, la corrupci\u00f3n y la pobreza. Estas son las razones que hoy nos convocan a esta Gran Alianza Ciudadana de M\u00e1s que un Cambio\u201d, afirm\u00f3 Josefina V\u00e1zquez Mota, candidata del PAN a la gubernatura del Estado de M\u00e9xico, durante la adhesi\u00f3n de liderazgos del Partido Encuentro Social a su campa\u00f1a.<\/p>\n","protected":false},"author":3,"featured_media":327366,"comment_status":"open","ping_status":"open","sticky":false,"template":"","format":"standard","meta":{"_monsterinsights_skip_tracking":false,"_monsterinsights_sitenote_active":false,"_monsterinsights_sitenote_note":"","_monsterinsights_sitenote_category":0,"footnotes":""},"categories":[35155],"tags":[43675,363,452],"class_list":["post-327264","post","type-post","status-publish","format-standard","has-post-thumbnail","hentry","category-estado-de-mexico-estado-de-mexico","tag-estado-de-mexico","tag-josefina-vazquez-mota","tag-toluca"],"_links":{"self":[{"href":"https:\/\/www.diarioimagen.net\/index.php?rest_route=\/wp\/v2\/posts\/327264","targetHints":{"allow":["GET"]}}],"collection":[{"href":"https:\/\/www.diarioimagen.net\/index.php?rest_route=\/wp\/v2\/posts"}],"about":[{"href":"https:\/\/www.diarioimagen.net\/index.php?rest_route=\/wp\/v2\/types\/post"}],"author":[{"embeddable":true,"href":"https:\/\/www.diarioimagen.net\/index.php?rest_route=\/wp\/v2\/users\/3"}],"replies":[{"embeddable":true,"href":"https:\/\/www.diarioimagen.net\/index.php?rest_route=%2Fwp%2Fv2%2Fcomments&post=327264"}],"version-history":[{"count":0,"href":"https:\/\/www.diarioimagen.net\/index.php?rest_route=\/wp\/v2\/posts\/327264\/revisions"}],"wp:featuredmedia":[{"embeddable":true,"href":"https:\/\/www.diarioimagen.net\/index.php?rest_route=\/wp\/v2\/media\/327366"}],"wp:attachment":[{"href":"https:\/\/www.diarioimagen.net\/index.php?rest_route=%2Fwp%2Fv2%2Fmedia&parent=327264"}],"wp:term":[{"taxonomy":"category","embeddable":true,"href":"https:\/\/www.diarioimagen.net\/index.php?rest_route=%2Fwp%2Fv2%2Fcategories&post=327264"},{"taxonomy":"post_tag","embeddable":true,"href":"https:\/\/www.diarioimagen.net\/index.php?rest_route=%2Fwp%2Fv2%2Ftags&post=327264"}],"curies":[{"name":"wp","href":"https:\/\/api.w.org\/{rel}","templated":true}]}}