{"id":328108,"date":"2017-05-29T00:10:40","date_gmt":"2017-05-29T05:10:40","guid":{"rendered":"http:\/\/www.diarioimagen.net\/?p=328108"},"modified":"2017-05-29T00:47:50","modified_gmt":"2017-05-29T05:47:50","slug":"entrega-uaem-a-ces-resultados-de-evaluacion-a-policias","status":"publish","type":"post","link":"https:\/\/www.diarioimagen.net\/?p=328108","title":{"rendered":"Entrega UAEM a CES resultados de evaluaci\u00f3n a polic\u00edas"},"content":{"rendered":"<ul>\n<li><strong><em>Realizada a 3 mil 480 agentes<\/em><\/strong><\/li>\n<\/ul>\n<p>&nbsp;<\/p>\n<div id=\"attachment_328199\" style=\"width: 470px\" class=\"wp-caption aligncenter\"><a href=\"http:\/\/www.diarioimagen.net\/?attachment_id=328199\" rel=\"attachment wp-att-328199\"><img loading=\"lazy\" decoding=\"async\" aria-describedby=\"caption-attachment-328199\" class=\"size-large wp-image-328199\" src=\"http:\/\/www.diarioimagen.net\/wp-content\/uploads\/2017\/05\/UAEM-3129-460x259.jpg\" alt=\"\" width=\"460\" height=\"259\" srcset=\"https:\/\/www.diarioimagen.net\/wp-content\/uploads\/2017\/05\/UAEM-3129-460x259.jpg 460w, https:\/\/www.diarioimagen.net\/wp-content\/uploads\/2017\/05\/UAEM-3129-240x135.jpg 240w, https:\/\/www.diarioimagen.net\/wp-content\/uploads\/2017\/05\/UAEM-3129-235x132.jpg 235w, https:\/\/www.diarioimagen.net\/wp-content\/uploads\/2017\/05\/UAEM-3129-202x114.jpg 202w, https:\/\/www.diarioimagen.net\/wp-content\/uploads\/2017\/05\/UAEM-3129-350x196.jpg 350w, https:\/\/www.diarioimagen.net\/wp-content\/uploads\/2017\/05\/UAEM-3129-220x123.jpg 220w, https:\/\/www.diarioimagen.net\/wp-content\/uploads\/2017\/05\/UAEM-3129-237x132.jpg 237w, https:\/\/www.diarioimagen.net\/wp-content\/uploads\/2017\/05\/UAEM-3129.jpg 480w\" sizes=\"auto, (max-width: 460px) 100vw, 460px\" \/><\/a><p id=\"caption-attachment-328199\" class=\"wp-caption-text\">El rector Alfredo Barrera solicit\u00f3 apoyo para reforzar la vigilancia en los espacios universitarios durante la reuni\u00f3n que sostuvo con el titular de la CES, Eduardo Valiente Hern\u00e1ndez, para entregar estos resultados.<\/p><\/div>\n<p>&nbsp;<\/p>\n<p><strong>Toluca, Estado de M\u00e9xico<\/strong>.\u2013\u00a0El rector de la Universidad Aut\u00f3noma del Estado de M\u00e9xico, Alfredo Barrera Baca, entreg\u00f3 al titular de la Comisi\u00f3n Estatal de Seguridad Ciudadana (CES), Eduardo Valiente Hern\u00e1ndez, los resultados de la evaluaci\u00f3n f\u00edsica y de conocimientos realizada a 3 mil 480 polic\u00edas, en el marco de la Segunda Promoci\u00f3n de Grados de la dependencia estatal. Durante la reuni\u00f3n que sostuvo con el comisionado y en cumplimiento a los compromisos adquiridos con estudiantes, profesores, investigadores y trabajadores administrativos de esta casa de estudios durante el periodo de comparecencias como aspirante a la rector\u00eda, Barrera Baca solicit\u00f3 a Valiente Hern\u00e1ndez apoyo para reforzar la vigilancia en todos los espacios universitarios, con la finalidad de garantizar la seguridad de la comunidad y el propio patrimonio institucional.<\/p>\n<p>Los ex\u00e1menes de conocimientos y f\u00edsicos realizados a los elementos policiacos comprendieron resistencia cardiorrespiratoria, consumo m\u00e1ximo de ox\u00edgeno, aptitud musculoesquel\u00e9tica y flexibilidad; fueron realizados, a partir del Convenio General de Colaboraci\u00f3n existente entre la UAEM y la CES, por la Facultad de Ciencias de la Conducta, la Facultad de Derecho, el Centro de Investigaci\u00f3n en Ciencias M\u00e9dicas y la Unidad Acad\u00e9mica Profesional Tianguistenco de la Aut\u00f3noma mexiquense.<\/p>\n<p>&nbsp;<\/p>\n","protected":false},"excerpt":{"rendered":"<p>El rector de la Universidad Aut\u00f3noma del Estado de M\u00e9xico, Alfredo Barrera Baca, entreg\u00f3 al titular de la Comisi\u00f3n Estatal de Seguridad Ciudadana (CES), Eduardo Valiente Hern\u00e1ndez, los resultados de la evaluaci\u00f3n f\u00edsica y de conocimientos realizada a 3 mil 480 polic\u00edas, en el marco de la Segunda Promoci\u00f3n de Grados de la dependencia estatal.<\/p>\n","protected":false},"author":3,"featured_media":328199,"comment_status":"open","ping_status":"open","sticky":false,"template":"","format":"standard","meta":{"_monsterinsights_skip_tracking":false,"_monsterinsights_sitenote_active":false,"_monsterinsights_sitenote_note":"","_monsterinsights_sitenote_category":0,"footnotes":""},"categories":[5],"tags":[58572,46005,43675,452,1491],"class_list":["post-328108","post","type-post","status-publish","format-standard","has-post-thumbnail","hentry","category-estado-de-mexico","tag-alfredo-barrera-baca","tag-ces","tag-estado-de-mexico","tag-toluca","tag-uaem"],"_links":{"self":[{"href":"https:\/\/www.diarioimagen.net\/index.php?rest_route=\/wp\/v2\/posts\/328108","targetHints":{"allow":["GET"]}}],"collection":[{"href":"https:\/\/www.diarioimagen.net\/index.php?rest_route=\/wp\/v2\/posts"}],"about":[{"href":"https:\/\/www.diarioimagen.net\/index.php?rest_route=\/wp\/v2\/types\/post"}],"author":[{"embeddable":true,"href":"https:\/\/www.diarioimagen.net\/index.php?rest_route=\/wp\/v2\/users\/3"}],"replies":[{"embeddable":true,"href":"https:\/\/www.diarioimagen.net\/index.php?rest_route=%2Fwp%2Fv2%2Fcomments&post=328108"}],"version-history":[{"count":0,"href":"https:\/\/www.diarioimagen.net\/index.php?rest_route=\/wp\/v2\/posts\/328108\/revisions"}],"wp:featuredmedia":[{"embeddable":true,"href":"https:\/\/www.diarioimagen.net\/index.php?rest_route=\/wp\/v2\/media\/328199"}],"wp:attachment":[{"href":"https:\/\/www.diarioimagen.net\/index.php?rest_route=%2Fwp%2Fv2%2Fmedia&parent=328108"}],"wp:term":[{"taxonomy":"category","embeddable":true,"href":"https:\/\/www.diarioimagen.net\/index.php?rest_route=%2Fwp%2Fv2%2Fcategories&post=328108"},{"taxonomy":"post_tag","embeddable":true,"href":"https:\/\/www.diarioimagen.net\/index.php?rest_route=%2Fwp%2Fv2%2Ftags&post=328108"}],"curies":[{"name":"wp","href":"https:\/\/api.w.org\/{rel}","templated":true}]}}