{"id":328731,"date":"2017-06-01T00:09:35","date_gmt":"2017-06-01T05:09:35","guid":{"rendered":"http:\/\/www.diarioimagen.net\/?p=328731"},"modified":"2017-06-01T23:42:43","modified_gmt":"2017-06-02T04:42:43","slug":"podran-votar-por-primera-vez-mas-de-900-mil-mexiquenses","status":"publish","type":"post","link":"https:\/\/www.diarioimagen.net\/?p=328731","title":{"rendered":"Podr\u00e1n votar por primera vez m\u00e1s de 900 mil mexiquenses"},"content":{"rendered":"<h2>Arco Norte<\/h2>\n<h5>Jos\u00e9 Luis Monta\u00f1ez Aguilar<\/h5>\n<p>&nbsp;<\/p>\n<p><a href=\"http:\/\/www.diarioimagen.net\/?attachment_id=328797\" rel=\"attachment wp-att-328797\"><img loading=\"lazy\" decoding=\"async\" class=\"aligncenter size-large wp-image-328797\" src=\"http:\/\/www.diarioimagen.net\/wp-content\/uploads\/2017\/06\/arco-3132-460x259.jpg\" alt=\"\" width=\"460\" height=\"259\" srcset=\"https:\/\/www.diarioimagen.net\/wp-content\/uploads\/2017\/06\/arco-3132-460x259.jpg 460w, https:\/\/www.diarioimagen.net\/wp-content\/uploads\/2017\/06\/arco-3132-240x135.jpg 240w, https:\/\/www.diarioimagen.net\/wp-content\/uploads\/2017\/06\/arco-3132-235x132.jpg 235w, https:\/\/www.diarioimagen.net\/wp-content\/uploads\/2017\/06\/arco-3132-202x114.jpg 202w, https:\/\/www.diarioimagen.net\/wp-content\/uploads\/2017\/06\/arco-3132-350x196.jpg 350w, https:\/\/www.diarioimagen.net\/wp-content\/uploads\/2017\/06\/arco-3132-220x123.jpg 220w, https:\/\/www.diarioimagen.net\/wp-content\/uploads\/2017\/06\/arco-3132-237x132.jpg 237w, https:\/\/www.diarioimagen.net\/wp-content\/uploads\/2017\/06\/arco-3132.jpg 480w\" sizes=\"auto, (max-width: 460px) 100vw, 460px\" \/><\/a><\/p>\n<p>&nbsp;<\/p>\n<p>M\u00e1s de 900 mil j\u00f3venes mexiquenses podr\u00e1n votar por primera vez este domingo en una elecci\u00f3n para gobernador en el Estado de M\u00e9xico, revelaron consejeros del Instituto Electoral del Estado de M\u00e9xico (IEEM) en la conferencia de prensa: \u201cRumbo a la Elecci\u00f3n del 4 de Junio de 2017\u201d.<\/p>\n<p>La lista nominal es de 11 millones 317 mil ciudadanos que podr\u00e1n ejercer su voto el 4 de junio en las 18 mil 605 casillas que se instalar\u00e1n en el territorio estatal.<\/p>\n<p>Del listado nominal, el 30 por ciento corresponde a j\u00f3venes menores de 30 a\u00f1os, y de ellos, 909 mil acaban de cumplir la mayor\u00eda de edad para votar en los comicios. Los consejeros se\u00f1alaron que es dif\u00edcil augurar el porcentaje de participaci\u00f3n que habr\u00e1 el 4 de junio, pero su meta es alcanzar al menos la mitad m\u00e1s uno del listado nominal.<\/p>\n<p>El consejero Gabriel Corona inform\u00f3 que s\u00f3lo una vez en la historia de las elecciones de la entidad el porcentaje de votaci\u00f3n ha sido superior al 50 por ciento y eso ocurri\u00f3 en las elecciones de 1993. En tanto, el consejero Sa\u00fal Mandujano expres\u00f3 que por las condiciones que se han generado en torno a esta elecci\u00f3n y por lo cerrado que se prev\u00e9 la contienda, espera que una mayor cantidad de gente se vuelque a las urnas a sufragar.<\/p>\n<p style=\"text-align: center;\"><strong>Inicia la trecena conmemorativa a la Feria de Tultitl\u00e1n 2017 <\/strong><\/p>\n<p>Del 1 al 13 de junio se conmemora la Feria de Tultitl\u00e1n, en honor al santo patrono del municipio, San Antonio de Padua, que tiene su celebraci\u00f3n el d\u00eda 13, la cual est\u00e1 considerada como la segunda m\u00e1s grande a nivel estatal.<\/p>\n<p>Esta magna fiesta inicia con la trecena en honor al santo de los enamorados, en el Barrio de San Antonio, estas verbenas populares que invitan a la convivencia familiar y a las \u201cmujeres\u201d a recolectar 13 monedas regaladas que llevar\u00e1n a San Antonio el santo milagroso, para que les conceda tener el amor de ese ser deseado.<\/p>\n<p>Mar\u00eda Guadalupe Ortiz, representante de vecinos coment\u00f3 que \u201ces una tradici\u00f3n muy esperada, pues la gente le tiene mucha fe a San Antonio de Padua, porque sabemos de casos cercanos que s\u00ed cumple\u201d.<\/p>\n<p><em><a href=\"mailto:montanezaguilar@gmail.com\" target=\"_blank\" rel=\"noopener noreferrer\">montanezaguilar@gmail.com<\/a><\/em><\/p>\n","protected":false},"excerpt":{"rendered":"<p><span style=\"color: #005497;\">Jos\u00e9 Luis Monta\u00f1ez Aguilar<\/span><br \/>\n<br \/>\nM\u00e1s de 900 mil j\u00f3venes mexiquenses podr\u00e1n votar por primera vez este domingo en una elecci\u00f3n para gobernador en el Estado de M\u00e9xico, revelaron consejeros del Instituto Electoral del Estado de M\u00e9xico (IEEM) en la conferencia de prensa: \u201cRumbo a la Elecci\u00f3n del 4 de Junio de 2017\u201d.<\/p>\n","protected":false},"author":3,"featured_media":328797,"comment_status":"open","ping_status":"open","sticky":false,"template":"","format":"standard","meta":{"_monsterinsights_skip_tracking":false,"_monsterinsights_sitenote_active":false,"_monsterinsights_sitenote_note":"","_monsterinsights_sitenote_category":0,"footnotes":""},"categories":[5],"tags":[43674],"class_list":["post-328731","post","type-post","status-publish","format-standard","has-post-thumbnail","hentry","category-estado-de-mexico","tag-opinion"],"_links":{"self":[{"href":"https:\/\/www.diarioimagen.net\/index.php?rest_route=\/wp\/v2\/posts\/328731","targetHints":{"allow":["GET"]}}],"collection":[{"href":"https:\/\/www.diarioimagen.net\/index.php?rest_route=\/wp\/v2\/posts"}],"about":[{"href":"https:\/\/www.diarioimagen.net\/index.php?rest_route=\/wp\/v2\/types\/post"}],"author":[{"embeddable":true,"href":"https:\/\/www.diarioimagen.net\/index.php?rest_route=\/wp\/v2\/users\/3"}],"replies":[{"embeddable":true,"href":"https:\/\/www.diarioimagen.net\/index.php?rest_route=%2Fwp%2Fv2%2Fcomments&post=328731"}],"version-history":[{"count":0,"href":"https:\/\/www.diarioimagen.net\/index.php?rest_route=\/wp\/v2\/posts\/328731\/revisions"}],"wp:featuredmedia":[{"embeddable":true,"href":"https:\/\/www.diarioimagen.net\/index.php?rest_route=\/wp\/v2\/media\/328797"}],"wp:attachment":[{"href":"https:\/\/www.diarioimagen.net\/index.php?rest_route=%2Fwp%2Fv2%2Fmedia&parent=328731"}],"wp:term":[{"taxonomy":"category","embeddable":true,"href":"https:\/\/www.diarioimagen.net\/index.php?rest_route=%2Fwp%2Fv2%2Fcategories&post=328731"},{"taxonomy":"post_tag","embeddable":true,"href":"https:\/\/www.diarioimagen.net\/index.php?rest_route=%2Fwp%2Fv2%2Ftags&post=328731"}],"curies":[{"name":"wp","href":"https:\/\/api.w.org\/{rel}","templated":true}]}}