{"id":328735,"date":"2017-06-01T00:10:35","date_gmt":"2017-06-01T05:10:35","guid":{"rendered":"http:\/\/www.diarioimagen.net\/?p=328735"},"modified":"2017-06-01T04:31:26","modified_gmt":"2017-06-01T09:31:26","slug":"h-consejo-universitario-de-uaem-designa-cuatro-nuevos-directores","status":"publish","type":"post","link":"https:\/\/www.diarioimagen.net\/?p=328735","title":{"rendered":"H. Consejo Universitario de UAEM designa cuatro nuevos directores"},"content":{"rendered":"<p><a href=\"http:\/\/www.diarioimagen.net\/?attachment_id=328845\" rel=\"attachment wp-att-328845\"><img loading=\"lazy\" decoding=\"async\" class=\"size-large wp-image-328845 aligncenter\" src=\"http:\/\/www.diarioimagen.net\/wp-content\/uploads\/2017\/06\/UAEM-3132-460x307.jpg\" alt=\"\" width=\"460\" height=\"307\" srcset=\"https:\/\/www.diarioimagen.net\/wp-content\/uploads\/2017\/06\/UAEM-3132-460x307.jpg 460w, https:\/\/www.diarioimagen.net\/wp-content\/uploads\/2017\/06\/UAEM-3132-240x160.jpg 240w, https:\/\/www.diarioimagen.net\/wp-content\/uploads\/2017\/06\/UAEM-3132.jpg 700w\" sizes=\"auto, (max-width: 460px) 100vw, 460px\" \/><\/a><\/p>\n<p>&nbsp;<\/p>\n<p><strong>Toluca, Estado de M\u00e9xico.-\u00a0<\/strong>El pleno del H. Consejo Universitario de la Universidad Aut\u00f3noma del Estado de M\u00e9xico design\u00f3 a nuevos directores de las facultades de Contadur\u00eda y Administraci\u00f3n, Ingenier\u00eda y Turismo y Gastronom\u00eda, as\u00ed como del plantel \u201cSor Juana In\u00e9s de la Cruz\u201d de la Escuela Preparatoria, para el per\u00edodo 2017-2021.<\/p>\n<p>Durante la sesi\u00f3n ordinaria correspondiente al mes de mayo del m\u00e1ximo \u00f3rgano de gobierno de la UAEM, el rector Alfredo Barrera Baca tom\u00f3 la protesta correspondiente a Marcos Rafael Garc\u00eda P\u00e9rez, como nuevo director de la Facultad de Contadur\u00eda y Administraci\u00f3n, quien es\u00a0maestro en Administraci\u00f3n Internacional, cuenta con siete certificaciones y es acad\u00e9mico universitario desde 1980.<\/p>\n<p>Adem\u00e1s, Mar\u00eda Dolores Dur\u00e1n Garc\u00eda rindi\u00f3 protesta como directora de la Facultad de Ingenier\u00eda; es doctora en Ciencias de la Ingenier\u00eda y acad\u00e9mica de la instituci\u00f3n desde 2005, ha escrito seis cap\u00edtulos de libros y es miembro del Sistema Nacional de Investigadores.<\/p>\n","protected":false},"excerpt":{"rendered":"<p>El pleno del H. Consejo Universitario de la Universidad Aut\u00f3noma del Estado de M\u00e9xico design\u00f3 a nuevos directores de las facultades de Contadur\u00eda y Administraci\u00f3n, Ingenier\u00eda y Turismo y Gastronom\u00eda, as\u00ed como del plantel \u201cSor Juana In\u00e9s de la Cruz\u201d de la Escuela Preparatoria, para el per\u00edodo 2017-2021.<\/p>\n","protected":false},"author":3,"featured_media":328845,"comment_status":"open","ping_status":"open","sticky":false,"template":"","format":"standard","meta":{"_monsterinsights_skip_tracking":false,"_monsterinsights_sitenote_active":false,"_monsterinsights_sitenote_note":"","_monsterinsights_sitenote_category":0,"footnotes":""},"categories":[5],"tags":[43675,452,1491],"class_list":["post-328735","post","type-post","status-publish","format-standard","has-post-thumbnail","hentry","category-estado-de-mexico","tag-estado-de-mexico","tag-toluca","tag-uaem"],"_links":{"self":[{"href":"https:\/\/www.diarioimagen.net\/index.php?rest_route=\/wp\/v2\/posts\/328735","targetHints":{"allow":["GET"]}}],"collection":[{"href":"https:\/\/www.diarioimagen.net\/index.php?rest_route=\/wp\/v2\/posts"}],"about":[{"href":"https:\/\/www.diarioimagen.net\/index.php?rest_route=\/wp\/v2\/types\/post"}],"author":[{"embeddable":true,"href":"https:\/\/www.diarioimagen.net\/index.php?rest_route=\/wp\/v2\/users\/3"}],"replies":[{"embeddable":true,"href":"https:\/\/www.diarioimagen.net\/index.php?rest_route=%2Fwp%2Fv2%2Fcomments&post=328735"}],"version-history":[{"count":0,"href":"https:\/\/www.diarioimagen.net\/index.php?rest_route=\/wp\/v2\/posts\/328735\/revisions"}],"wp:featuredmedia":[{"embeddable":true,"href":"https:\/\/www.diarioimagen.net\/index.php?rest_route=\/wp\/v2\/media\/328845"}],"wp:attachment":[{"href":"https:\/\/www.diarioimagen.net\/index.php?rest_route=%2Fwp%2Fv2%2Fmedia&parent=328735"}],"wp:term":[{"taxonomy":"category","embeddable":true,"href":"https:\/\/www.diarioimagen.net\/index.php?rest_route=%2Fwp%2Fv2%2Fcategories&post=328735"},{"taxonomy":"post_tag","embeddable":true,"href":"https:\/\/www.diarioimagen.net\/index.php?rest_route=%2Fwp%2Fv2%2Ftags&post=328735"}],"curies":[{"name":"wp","href":"https:\/\/api.w.org\/{rel}","templated":true}]}}