{"id":328750,"date":"2017-06-01T00:07:02","date_gmt":"2017-06-01T05:07:02","guid":{"rendered":"http:\/\/www.diarioimagen.net\/?p=328750"},"modified":"2017-06-01T04:17:21","modified_gmt":"2017-06-01T09:17:21","slug":"hijos-de-el-chapo-y-el-mencho-se-disputan-colima-dice-segob","status":"publish","type":"post","link":"https:\/\/www.diarioimagen.net\/?p=328750","title":{"rendered":"Hijos de <em>El Chapo<\/em> y <em>El Mencho<\/em> se disputan Colima, dice Segob"},"content":{"rendered":"<ul>\n<li><strong><em>Punto estrat\u00e9gico para exportaci\u00f3n de drogas<\/em><\/strong><\/li>\n<\/ul>\n<p>&nbsp;<\/p>\n<div id=\"attachment_328828\" style=\"width: 470px\" class=\"wp-caption aligncenter\"><a href=\"http:\/\/www.diarioimagen.net\/?attachment_id=328828\" rel=\"attachment wp-att-328828\"><img loading=\"lazy\" decoding=\"async\" aria-describedby=\"caption-attachment-328828\" class=\"size-large wp-image-328828\" src=\"http:\/\/www.diarioimagen.net\/wp-content\/uploads\/2017\/06\/COLIMA-3132-460x259.jpg\" alt=\"\" width=\"460\" height=\"259\" srcset=\"https:\/\/www.diarioimagen.net\/wp-content\/uploads\/2017\/06\/COLIMA-3132-460x259.jpg 460w, https:\/\/www.diarioimagen.net\/wp-content\/uploads\/2017\/06\/COLIMA-3132-240x135.jpg 240w, https:\/\/www.diarioimagen.net\/wp-content\/uploads\/2017\/06\/COLIMA-3132-235x132.jpg 235w, https:\/\/www.diarioimagen.net\/wp-content\/uploads\/2017\/06\/COLIMA-3132-202x114.jpg 202w, https:\/\/www.diarioimagen.net\/wp-content\/uploads\/2017\/06\/COLIMA-3132-350x196.jpg 350w, https:\/\/www.diarioimagen.net\/wp-content\/uploads\/2017\/06\/COLIMA-3132-220x123.jpg 220w, https:\/\/www.diarioimagen.net\/wp-content\/uploads\/2017\/06\/COLIMA-3132-237x132.jpg 237w, https:\/\/www.diarioimagen.net\/wp-content\/uploads\/2017\/06\/COLIMA-3132.jpg 480w\" sizes=\"auto, (max-width: 460px) 100vw, 460px\" \/><\/a><p id=\"caption-attachment-328828\" class=\"wp-caption-text\">Colima es un punto estrat\u00e9gico para la importaci\u00f3n y exportaci\u00f3n de mariguana, coca\u00edna, drogas sint\u00e9ticas, as\u00ed como precursores qu\u00edmicos.<\/p><\/div>\n<p>&nbsp;<\/p>\n<p>El aumento de violencia en Colima es por la disputa de puntos estrat\u00e9gicos entre el C\u00e1rtel de Jalisco Nueva Generaci\u00f3n (CJNG), que lidera Rub\u00e9n Oseguera Cervantes \u201cEl Mencho\u201d, y el de Sinaloa, de los hijos de Joaqu\u00edn, \u201cEl Chapo\u201d, Guzm\u00e1n, reconoce la Secretar\u00eda de Gobernaci\u00f3n (Segob).<\/p>\n<p>El incremento de los asesinatos registrados en la entidad, ha posicionado a Colima, con \u00edndices de homicidios comparables a pa\u00edses de Centroam\u00e9rica, se\u00f1ala Alberto Begn\u00e9 Guerra, subsecretario de Prevenci\u00f3n del Delito y Participaci\u00f3n Ciudadana de la Segob.<\/p>\n<p>Afirm\u00f3 que Colima es un caso de alta prioridad, pues era un estado pac\u00edfico, con buenos \u00edndices de bienestar, aceptables, y de pronto se nos disparan a \u00edndices de violencia alt\u00edsimos que superan por mucho la media nacional, y que se colocan en los niveles de los pa\u00edses centroamericanos con m\u00e1s altos \u00edndices de violencia.<\/p>\n<p>Las zonas que se disputan ambos grupos son identificadas por las \u00e1reas de gobierno federal como puntos estrat\u00e9gicos, principalmente para la importaci\u00f3n y exportaci\u00f3n de mariguana, coca\u00edna, drogas sint\u00e9ticas, as\u00ed como precursores qu\u00edmicos.<\/p>\n<p>Este es un fen\u00f3meno directamente derivado de la disputa territorial entre el C\u00e1rtel Jalisco Nueva Generaci\u00f3n y el C\u00e1rtel de Sinaloa, por controlar el puerto de Manzanillo, y otras zonas del litoral de Colima\u201d.<\/p>\n<p>El funcionario federal reconoci\u00f3 que a pesar del despliegue de fuerzas federales y programas de prevenci\u00f3n de la violencia, no se ha logrado disminuir la inseguridad en algunos estados, e incluso, se presenta un repunte de la violencia en algunas entidades.<\/p>\n<p>Necesitamos continuar trabajando en los estados que han sufrido una descomposici\u00f3n social ya de muchos a\u00f1os. Es el estado de Guerrero, Tamaulipas, se nos recrudeci\u00f3 nuevamente Chihuahua. Tenemos otra vez problemas en Tijuana, donde se hab\u00eda avanzado.<\/p>\n<p>&nbsp;<\/p>\n","protected":false},"excerpt":{"rendered":"<p>El aumento de violencia en Colima es por la disputa de puntos estrat\u00e9gicos entre el C\u00e1rtel de Jalisco Nueva Generaci\u00f3n (CJNG), que lidera Rub\u00e9n Oseguera Cervantes \u201cEl Mencho\u201d, y el de Sinaloa, de los hijos de Joaqu\u00edn, \u201cEl Chapo\u201d, Guzm\u00e1n, reconoce la Secretar\u00eda de Gobernaci\u00f3n (Segob).<\/p>\n","protected":false},"author":3,"featured_media":328828,"comment_status":"open","ping_status":"open","sticky":false,"template":"","format":"standard","meta":{"_monsterinsights_skip_tracking":false,"_monsterinsights_sitenote_active":false,"_monsterinsights_sitenote_note":"","_monsterinsights_sitenote_category":0,"footnotes":""},"categories":[7],"tags":[265,2765,43677],"class_list":["post-328750","post","type-post","status-publish","format-standard","has-post-thumbnail","hentry","category-seguridad","tag-drogas","tag-joaquin-el-chapo-guzman-loera","tag-seguridad"],"_links":{"self":[{"href":"https:\/\/www.diarioimagen.net\/index.php?rest_route=\/wp\/v2\/posts\/328750","targetHints":{"allow":["GET"]}}],"collection":[{"href":"https:\/\/www.diarioimagen.net\/index.php?rest_route=\/wp\/v2\/posts"}],"about":[{"href":"https:\/\/www.diarioimagen.net\/index.php?rest_route=\/wp\/v2\/types\/post"}],"author":[{"embeddable":true,"href":"https:\/\/www.diarioimagen.net\/index.php?rest_route=\/wp\/v2\/users\/3"}],"replies":[{"embeddable":true,"href":"https:\/\/www.diarioimagen.net\/index.php?rest_route=%2Fwp%2Fv2%2Fcomments&post=328750"}],"version-history":[{"count":0,"href":"https:\/\/www.diarioimagen.net\/index.php?rest_route=\/wp\/v2\/posts\/328750\/revisions"}],"wp:featuredmedia":[{"embeddable":true,"href":"https:\/\/www.diarioimagen.net\/index.php?rest_route=\/wp\/v2\/media\/328828"}],"wp:attachment":[{"href":"https:\/\/www.diarioimagen.net\/index.php?rest_route=%2Fwp%2Fv2%2Fmedia&parent=328750"}],"wp:term":[{"taxonomy":"category","embeddable":true,"href":"https:\/\/www.diarioimagen.net\/index.php?rest_route=%2Fwp%2Fv2%2Fcategories&post=328750"},{"taxonomy":"post_tag","embeddable":true,"href":"https:\/\/www.diarioimagen.net\/index.php?rest_route=%2Fwp%2Fv2%2Ftags&post=328750"}],"curies":[{"name":"wp","href":"https:\/\/api.w.org\/{rel}","templated":true}]}}