{"id":328921,"date":"2017-06-02T00:09:15","date_gmt":"2017-06-02T05:09:15","guid":{"rendered":"http:\/\/www.diarioimagen.net\/?p=328921"},"modified":"2017-06-02T02:17:11","modified_gmt":"2017-06-02T07:17:11","slug":"tejeton-izcalli-comienza-su-jornada-el-10-de-junio","status":"publish","type":"post","link":"https:\/\/www.diarioimagen.net\/?p=328921","title":{"rendered":"Tejet\u00f3n Izcalli comienza su jornada el 10 de junio"},"content":{"rendered":"<ul>\n<li><strong><em>Cobijan a personas en situaci\u00f3n de calle<\/em><\/strong><\/li>\n<\/ul>\n<p>&nbsp;<\/p>\n<p><a href=\"http:\/\/www.diarioimagen.net\/?attachment_id=329010\" rel=\"attachment wp-att-329010\"><img loading=\"lazy\" decoding=\"async\" class=\"aligncenter size-large wp-image-329010\" src=\"http:\/\/www.diarioimagen.net\/wp-content\/uploads\/2017\/06\/CUAUTITLAN-3133-460x259.jpg\" alt=\"\" width=\"460\" height=\"259\" srcset=\"https:\/\/www.diarioimagen.net\/wp-content\/uploads\/2017\/06\/CUAUTITLAN-3133-460x259.jpg 460w, https:\/\/www.diarioimagen.net\/wp-content\/uploads\/2017\/06\/CUAUTITLAN-3133-240x135.jpg 240w, https:\/\/www.diarioimagen.net\/wp-content\/uploads\/2017\/06\/CUAUTITLAN-3133-235x132.jpg 235w, https:\/\/www.diarioimagen.net\/wp-content\/uploads\/2017\/06\/CUAUTITLAN-3133-202x114.jpg 202w, https:\/\/www.diarioimagen.net\/wp-content\/uploads\/2017\/06\/CUAUTITLAN-3133-350x196.jpg 350w, https:\/\/www.diarioimagen.net\/wp-content\/uploads\/2017\/06\/CUAUTITLAN-3133-220x123.jpg 220w, https:\/\/www.diarioimagen.net\/wp-content\/uploads\/2017\/06\/CUAUTITLAN-3133-237x132.jpg 237w, https:\/\/www.diarioimagen.net\/wp-content\/uploads\/2017\/06\/CUAUTITLAN-3133.jpg 480w\" sizes=\"auto, (max-width: 460px) 100vw, 460px\" \/><\/a><\/p>\n<p>&nbsp;<\/p>\n<p><strong>Cuautitl\u00e1n Izcalli, Estado de M\u00e9xico<\/strong>.- Desde hace un par de a\u00f1os, TOM (Tejiendo Otro Mundo) en todas sus 18 sedes, incluyendo las cinco del Edomex (Texcoco, Valle de Bravo, Toluca, Metepec e Izcalli), se han encargado de cobijar a personas en situaci\u00f3n de calle, albergues y adultos mayores.<\/p>\n<p>Este a\u00f1o, el arranque de campa\u00f1a en nuestro municipio ser\u00e1 el s\u00e1bado 10 de junio a partir de las 10 am, en el Jard\u00edn del Arte de la biblioteca Sor Juana In\u00e9s de la Cruz, en la colonia Ensue\u00f1os y hasta las 13:00 horas, en las que realizar\u00e1n un peque\u00f1o taller para principiantes, el \u00fanico requisito es traer su material.<\/p>\n<p>\u201cUsualmente, nosotras les prestamos todo, pero al ser el arranque de campa\u00f1a, requerimos juntar donaciones de nuevo; por ello, esta vez les pedimos que traigan por lo menos sus ganchos, nosotras nos encargamos de ense\u00f1arles a hacer estos sencillos cuadritos que abrigar\u00e1n a muchas personas\u201d, coment\u00f3 Andr\u00e9 Sandoval, a las voluntarias que realizan esta actividad a\u00f1o con a\u00f1o.<\/p>\n<p>Como parte de esta jornada, que termina en noviembre, ellas tienen planeada una agenda llena de eventos que abarcan colonias y municipios colindantes a Izcalli.<\/p>\n<p>\u201cEl proceso es muy sencillo, ustedes nos entregan cuadros de 20&#215;20 (ojo, es importante la medida), nosotras usamos 54 de ellos, los unimos, lavamos y empacamos cobijas que despu\u00e9s entregamos en diferentes localidades, albergues o directamente a la persona en situaci\u00f3n de calle\u201d, dijo Dulce Pedraza, coordinadora de Tejet\u00f3n Izcalli.<\/p>\n<p>En Cuautitl\u00e1n Izcall, iniciaron en 2015 en la V\u00eda Recreativa los domingos; en el a\u00f1o 2016, la sede oficial fue el Jard\u00edn del Arte.<\/p>\n<p>Recuerda que para unirte a esta hermosa labor puedes seguir sus redes sociales en <em>Facebook<\/em>: Tejet\u00f3n Izcalli y estar atento de las sedes en las que estar\u00e1n tejiendo por un mejor entorno.<\/p>\n","protected":false},"excerpt":{"rendered":"<p>Desde hace un par de a\u00f1os, TOM (Tejiendo Otro Mundo) en todas sus 18 sedes, incluyendo las cinco del Edomex (Texcoco, Valle de Bravo, Toluca, Metepec e Izcalli), se han encargado de cobijar a personas en situaci\u00f3n de calle, albergues y adultos mayores.<\/p>\n","protected":false},"author":3,"featured_media":329010,"comment_status":"open","ping_status":"open","sticky":false,"template":"","format":"standard","meta":{"_monsterinsights_skip_tracking":false,"_monsterinsights_sitenote_active":false,"_monsterinsights_sitenote_note":"","_monsterinsights_sitenote_category":0,"footnotes":""},"categories":[35155],"tags":[971,43675],"class_list":["post-328921","post","type-post","status-publish","format-standard","has-post-thumbnail","hentry","category-estado-de-mexico-estado-de-mexico","tag-cuautitlan-izcalli","tag-estado-de-mexico"],"_links":{"self":[{"href":"https:\/\/www.diarioimagen.net\/index.php?rest_route=\/wp\/v2\/posts\/328921","targetHints":{"allow":["GET"]}}],"collection":[{"href":"https:\/\/www.diarioimagen.net\/index.php?rest_route=\/wp\/v2\/posts"}],"about":[{"href":"https:\/\/www.diarioimagen.net\/index.php?rest_route=\/wp\/v2\/types\/post"}],"author":[{"embeddable":true,"href":"https:\/\/www.diarioimagen.net\/index.php?rest_route=\/wp\/v2\/users\/3"}],"replies":[{"embeddable":true,"href":"https:\/\/www.diarioimagen.net\/index.php?rest_route=%2Fwp%2Fv2%2Fcomments&post=328921"}],"version-history":[{"count":0,"href":"https:\/\/www.diarioimagen.net\/index.php?rest_route=\/wp\/v2\/posts\/328921\/revisions"}],"wp:featuredmedia":[{"embeddable":true,"href":"https:\/\/www.diarioimagen.net\/index.php?rest_route=\/wp\/v2\/media\/329010"}],"wp:attachment":[{"href":"https:\/\/www.diarioimagen.net\/index.php?rest_route=%2Fwp%2Fv2%2Fmedia&parent=328921"}],"wp:term":[{"taxonomy":"category","embeddable":true,"href":"https:\/\/www.diarioimagen.net\/index.php?rest_route=%2Fwp%2Fv2%2Fcategories&post=328921"},{"taxonomy":"post_tag","embeddable":true,"href":"https:\/\/www.diarioimagen.net\/index.php?rest_route=%2Fwp%2Fv2%2Ftags&post=328921"}],"curies":[{"name":"wp","href":"https:\/\/api.w.org\/{rel}","templated":true}]}}