{"id":329101,"date":"2017-06-05T00:04:30","date_gmt":"2017-06-05T05:04:30","guid":{"rendered":"http:\/\/www.diarioimagen.net\/?p=329101"},"modified":"2017-06-06T00:00:28","modified_gmt":"2017-06-06T05:00:28","slug":"consejo-general-del-ieem-se-instala-en-sesion-permanente","status":"publish","type":"post","link":"https:\/\/www.diarioimagen.net\/?p=329101","title":{"rendered":"Consejo General del IEEM se instala en sesi\u00f3n permanente"},"content":{"rendered":"<ul>\n<li><em><strong>Dar\u00e1 seguimiento al desarrollo de la Jornada Electoral<\/strong><\/em><\/li>\n<\/ul>\n<p><strong>\u00a0<\/strong><\/p>\n<div id=\"attachment_329102\" style=\"width: 470px\" class=\"wp-caption aligncenter\"><a href=\"http:\/\/www.diarioimagen.net\/?attachment_id=329102\" rel=\"attachment wp-att-329102\"><img loading=\"lazy\" decoding=\"async\" aria-describedby=\"caption-attachment-329102\" class=\"size-large wp-image-329102\" src=\"http:\/\/www.diarioimagen.net\/wp-content\/uploads\/2017\/06\/IEEM5-PORTAL-460x268.jpg\" alt=\"\" width=\"460\" height=\"268\" srcset=\"https:\/\/www.diarioimagen.net\/wp-content\/uploads\/2017\/06\/IEEM5-PORTAL-460x268.jpg 460w, https:\/\/www.diarioimagen.net\/wp-content\/uploads\/2017\/06\/IEEM5-PORTAL-240x140.jpg 240w, https:\/\/www.diarioimagen.net\/wp-content\/uploads\/2017\/06\/IEEM5-PORTAL.jpg 480w\" sizes=\"auto, (max-width: 460px) 100vw, 460px\" \/><\/a><p id=\"caption-attachment-329102\" class=\"wp-caption-text\">El Consejo General del Instituto Electoral del Estado de M\u00e9xico se instal\u00f3 en Sesi\u00f3n Permanente.<\/p><\/div>\n<p>&nbsp;<\/p>\n<p>Toluca.- A fin de dar puntual seguimiento al desarrollo de la Jornada Electoral, el Consejo General del Instituto Electoral del Estado de M\u00e9xico se instal\u00f3 en Sesi\u00f3n Permanente, en la que destac\u00f3 que existen las condiciones para que la ciudadan\u00eda mexiquense emita su voto en alguna de las 18,605 casillas que se han instalado, y con ello fortalecer nuestro r\u00e9gimen democr\u00e1tico, para que sean ejemplo y parte de la historia al tener comicios participativos, apegados a la ley y con alto grado de civilidad.<\/p>\n<p>En un mensaje emitido por el Consejero Presidente del IEEM, Pedro Zamudio God\u00ednez, ratific\u00f3 el compromiso institucional de velar porque la civilidad prevalezca a lo largo de esta fiesta c\u00edvica, celebrando comicios que contribuyan a fortalecer el sistema electoral, por lo que se actuar\u00e1 con firmeza ante quien quiera tener injerencias autoritarias; y hoy el fin com\u00fan es llevar a buen puerto el Proceso Electoral 2016-2017.<\/p>\n<p>Destac\u00f3 que se logr\u00f3 la sana relaci\u00f3n con el Instituto Nacional Electoral (INE), la coordinaci\u00f3n sin subordinaci\u00f3n fue la consigna, y todo esta listo para que la ciudadan\u00eda acuda a emitir su voto y decidan a quien est\u00e9 a cargo del Poder Ejecutivo de la entidad para el periodo constitucional 2017-2023, en un ambiente en el que la jornada electoral de este d\u00eda ser\u00e1 ampliamente observada y seguida por ciudadanos acreditados como observadores electorales, representantes de los partidos pol\u00edticos, medios de comunicaci\u00f3n y la opini\u00f3n p\u00fablica internacional, nacional y estatal.<\/p>\n<p>En su oportunidad, Consejeras y Consejeros Electorales, expusieron que esta elecci\u00f3n se caracteriza por su alto grado de competitividad, se han aplicado diferentes procedimientos en forma escrupulosa, con el acompa\u00f1amiento de las representaciones de los partidos pol\u00edticos y la candidata independiente en las comisiones y el Consejo General, con el compromiso de coadyuvar, en el \u00e1mbito de sus responsabilidades, a que este domingo, j\u00f3venes, mujeres y hombres, emitan libremente su voto y sin ninguna coacci\u00f3n.<\/p>\n<p>Adem\u00e1s, se explic\u00f3 que como lo determina la normatividad electoral, se desarroll\u00f3 un amplio trabajo interinstitucional con el Instituto Nacional Electoral (INE), y se destac\u00f3 que en esta ocasi\u00f3n por primera vez, la participaci\u00f3n de una candidata independiente y la implementaci\u00f3n de un Conteo R\u00e1pido.<\/p>\n<p>Por su parte, los representantes de los partidos pol\u00edticos hicieron un balance del contexto complejo en el que se desarrolla la elecci\u00f3n, por lo que convocaron a la ciudadan\u00eda a participar responsablemente en esta Jornada Electoral, y se expresen en forma libre, secreta y directa a trav\u00e9s de su voto en las urnas.<\/p>\n<p>Al igual, reconocieron el trabajo de los servidores p\u00fablicos electorales del IEEM, que con dedicaci\u00f3n y esfuerzo se han conducido con profesionalismo, esperando que los Funcionarios de las Mesas Directivas de Casilla, desarrollen un trabajo que otorgue confianza, certeza, certidumbre y hagan de esta elecci\u00f3n, una gran fiesta democr\u00e1tica.<\/p>\n<p>Durante la Sesi\u00f3n, el Secretario Ejecutivo, Francisco Javier L\u00f3pez Corral dio a conocer un reporte en el que se inform\u00f3 de la instalaci\u00f3n total de los 45 Consejos Distritales que tambi\u00e9n dan seguimiento a los pormenores de la Jornada Electoral, y en los que, no se ha registrado ning\u00fan incidente.<\/p>\n<p>A su vez, el Consejero Presidente, Pedro Zamudio God\u00ednez, inform\u00f3 que de acuerdo con un reporte del Sistema de Informaci\u00f3n de la Jornada Electoral (SIJE) que elabora el INE, se dio el reporte de la situaci\u00f3n de la instalaci\u00f3n de 6, 215 casillas.<\/p>\n","protected":false},"excerpt":{"rendered":"<p>A fin de dar puntual seguimiento al desarrollo de la Jornada Electoral, el Consejo General del Instituto Electoral del Estado de M\u00e9xico se instal\u00f3 en Sesi\u00f3n Permanente, en la que destac\u00f3 que existen las condiciones para que la ciudadan\u00eda mexiquense emita su voto en alguna de las 18,605 casillas que se han instalado, y con ello fortalecer nuestro r\u00e9gimen democr\u00e1tico, para que sean ejemplo y parte de la historia al tener comicios participativos, apegados a la ley y con alto grado de civilidad.<\/p>\n","protected":false},"author":5,"featured_media":329102,"comment_status":"open","ping_status":"open","sticky":false,"template":"","format":"standard","meta":{"_monsterinsights_skip_tracking":false,"_monsterinsights_sitenote_active":false,"_monsterinsights_sitenote_note":"","_monsterinsights_sitenote_category":0,"footnotes":""},"categories":[3],"tags":[694,20804],"class_list":["post-329101","post","type-post","status-publish","format-standard","has-post-thumbnail","hentry","category-nacional","tag-ieem","tag-jornada-electoral"],"_links":{"self":[{"href":"https:\/\/www.diarioimagen.net\/index.php?rest_route=\/wp\/v2\/posts\/329101","targetHints":{"allow":["GET"]}}],"collection":[{"href":"https:\/\/www.diarioimagen.net\/index.php?rest_route=\/wp\/v2\/posts"}],"about":[{"href":"https:\/\/www.diarioimagen.net\/index.php?rest_route=\/wp\/v2\/types\/post"}],"author":[{"embeddable":true,"href":"https:\/\/www.diarioimagen.net\/index.php?rest_route=\/wp\/v2\/users\/5"}],"replies":[{"embeddable":true,"href":"https:\/\/www.diarioimagen.net\/index.php?rest_route=%2Fwp%2Fv2%2Fcomments&post=329101"}],"version-history":[{"count":0,"href":"https:\/\/www.diarioimagen.net\/index.php?rest_route=\/wp\/v2\/posts\/329101\/revisions"}],"wp:featuredmedia":[{"embeddable":true,"href":"https:\/\/www.diarioimagen.net\/index.php?rest_route=\/wp\/v2\/media\/329102"}],"wp:attachment":[{"href":"https:\/\/www.diarioimagen.net\/index.php?rest_route=%2Fwp%2Fv2%2Fmedia&parent=329101"}],"wp:term":[{"taxonomy":"category","embeddable":true,"href":"https:\/\/www.diarioimagen.net\/index.php?rest_route=%2Fwp%2Fv2%2Fcategories&post=329101"},{"taxonomy":"post_tag","embeddable":true,"href":"https:\/\/www.diarioimagen.net\/index.php?rest_route=%2Fwp%2Fv2%2Ftags&post=329101"}],"curies":[{"name":"wp","href":"https:\/\/api.w.org\/{rel}","templated":true}]}}