{"id":329104,"date":"2017-06-04T15:00:57","date_gmt":"2017-06-04T20:00:57","guid":{"rendered":"http:\/\/www.diarioimagen.net\/?p=329104"},"modified":"2017-06-05T02:11:25","modified_gmt":"2017-06-05T07:11:25","slug":"alfredo-del-mazo-confia-en-una-jornada-en-paz","status":"publish","type":"post","link":"https:\/\/www.diarioimagen.net\/?p=329104","title":{"rendered":"Alfredo Del Mazo conf\u00eda en una jornada en paz"},"content":{"rendered":"<ul>\n<li><em><strong>Pide respetar voto y las instituciones<\/strong><\/em><\/li>\n<\/ul>\n<p>&nbsp;<\/p>\n<div id=\"attachment_329105\" style=\"width: 470px\" class=\"wp-caption aligncenter\"><a href=\"http:\/\/www.diarioimagen.net\/?attachment_id=329105\" rel=\"attachment wp-att-329105\"><img loading=\"lazy\" decoding=\"async\" aria-describedby=\"caption-attachment-329105\" class=\"size-large wp-image-329105\" src=\"http:\/\/www.diarioimagen.net\/wp-content\/uploads\/2017\/06\/DELMAZO5-portal-460x268.jpg\" alt=\"\" width=\"460\" height=\"268\" srcset=\"https:\/\/www.diarioimagen.net\/wp-content\/uploads\/2017\/06\/DELMAZO5-portal-460x268.jpg 460w, https:\/\/www.diarioimagen.net\/wp-content\/uploads\/2017\/06\/DELMAZO5-portal-240x140.jpg 240w, https:\/\/www.diarioimagen.net\/wp-content\/uploads\/2017\/06\/DELMAZO5-portal.jpg 480w\" sizes=\"auto, (max-width: 460px) 100vw, 460px\" \/><\/a><p id=\"caption-attachment-329105\" class=\"wp-caption-text\">El pri\u00edsta Alfredo Del Mazo emiti\u00f3 su voto en Huixquilucan y pidi\u00f3 se respete el voto y las instituciones.<\/p><\/div>\n<p>&nbsp;<\/p>\n<p>Huixquilucan, M\u00e9x.- El candidato del PRI al gobierno del Estado de M\u00e9xico, Alfredo Del Mazo Maza, confi\u00f3 en que esta jornada electoral transcurra en paz, donde se respete el voto y a las instituciones que llevan a cabo la elecci\u00f3n.<\/p>\n<p>Luego sufragar en la casilla de la secci\u00f3n 2036, el tambi\u00e9n abanderado de los partidos Verde Ecologista de M\u00e9xico (PVEM), Nueva Alianza y Encuentro Social, hizo votos porque los mexiquenses eligen con libertad a quien consideren su mejor opci\u00f3n.<\/p>\n<p>Versi\u00f3n estenogr\u00e1fica del breve mensaje del pri\u00edsta:<\/p>\n<p>\u201cPrimero que nada quiero agradecer a los medios de comunicaci\u00f3n que nos acompa\u00f1an el d\u00eda de hoy en esta jornada libre y democr\u00e1tica en donde esperamos que transcurra primero que nada en paz, que haya una libertad para que los ciudadanos, los mexiquenses elijan a quien consideren su mejor opci\u00f3n para el Estado de M\u00e9xico.<\/p>\n<p>Que sea una jornada en donde se respete el voto, se respeten las instituciones que estar\u00e1n llevando a cabo el orden de esta jornada y que sea \u00e9sta una fiesta para la democracia de los mexiquenses.<\/p>\n<p>Les agradezco por acompa\u00f1arnos el d\u00eda de hoy y estaremos atentos al desarrollo de toda esta jornada\u201d.<\/p>\n","protected":false},"excerpt":{"rendered":"<p>El candidato del PRI al gobierno del Estado de M\u00e9xico, Alfredo Del Mazo Maza, confi\u00f3 en que esta jornada electoral transcurra en paz, donde se respete el voto y a las instituciones que llevan a cabo la elecci\u00f3n.<\/p>\n","protected":false},"author":5,"featured_media":329105,"comment_status":"open","ping_status":"open","sticky":false,"template":"","format":"standard","meta":{"_monsterinsights_skip_tracking":false,"_monsterinsights_sitenote_active":false,"_monsterinsights_sitenote_note":"","_monsterinsights_sitenote_category":0,"footnotes":""},"categories":[35155],"tags":[362],"class_list":["post-329104","post","type-post","status-publish","format-standard","has-post-thumbnail","hentry","category-estado-de-mexico-estado-de-mexico","tag-pri"],"_links":{"self":[{"href":"https:\/\/www.diarioimagen.net\/index.php?rest_route=\/wp\/v2\/posts\/329104","targetHints":{"allow":["GET"]}}],"collection":[{"href":"https:\/\/www.diarioimagen.net\/index.php?rest_route=\/wp\/v2\/posts"}],"about":[{"href":"https:\/\/www.diarioimagen.net\/index.php?rest_route=\/wp\/v2\/types\/post"}],"author":[{"embeddable":true,"href":"https:\/\/www.diarioimagen.net\/index.php?rest_route=\/wp\/v2\/users\/5"}],"replies":[{"embeddable":true,"href":"https:\/\/www.diarioimagen.net\/index.php?rest_route=%2Fwp%2Fv2%2Fcomments&post=329104"}],"version-history":[{"count":0,"href":"https:\/\/www.diarioimagen.net\/index.php?rest_route=\/wp\/v2\/posts\/329104\/revisions"}],"wp:featuredmedia":[{"embeddable":true,"href":"https:\/\/www.diarioimagen.net\/index.php?rest_route=\/wp\/v2\/media\/329105"}],"wp:attachment":[{"href":"https:\/\/www.diarioimagen.net\/index.php?rest_route=%2Fwp%2Fv2%2Fmedia&parent=329104"}],"wp:term":[{"taxonomy":"category","embeddable":true,"href":"https:\/\/www.diarioimagen.net\/index.php?rest_route=%2Fwp%2Fv2%2Fcategories&post=329104"},{"taxonomy":"post_tag","embeddable":true,"href":"https:\/\/www.diarioimagen.net\/index.php?rest_route=%2Fwp%2Fv2%2Ftags&post=329104"}],"curies":[{"name":"wp","href":"https:\/\/api.w.org\/{rel}","templated":true}]}}