{"id":329107,"date":"2017-06-04T14:00:43","date_gmt":"2017-06-04T19:00:43","guid":{"rendered":"http:\/\/www.diarioimagen.net\/?p=329107"},"modified":"2017-06-05T02:12:22","modified_gmt":"2017-06-05T07:12:22","slug":"vota-josefina-vazquez-mota-en-la-herradura","status":"publish","type":"post","link":"https:\/\/www.diarioimagen.net\/?p=329107","title":{"rendered":"Sufraga Josefina V\u00e1zquez Mota en La Herradura"},"content":{"rendered":"<ul>\n<li><em><strong>Invita a los mexiquenses a romper el abstencionismo<\/strong><\/em><\/li>\n<\/ul>\n<p>&nbsp;<\/p>\n<div id=\"attachment_329108\" style=\"width: 470px\" class=\"wp-caption aligncenter\"><a href=\"http:\/\/www.diarioimagen.net\/?attachment_id=329108\" rel=\"attachment wp-att-329108\"><img loading=\"lazy\" decoding=\"async\" aria-describedby=\"caption-attachment-329108\" class=\"size-large wp-image-329108\" src=\"http:\/\/www.diarioimagen.net\/wp-content\/uploads\/2017\/06\/JOSEFINA5-portal-460x268.jpg\" alt=\"\" width=\"460\" height=\"268\" srcset=\"https:\/\/www.diarioimagen.net\/wp-content\/uploads\/2017\/06\/JOSEFINA5-portal-460x268.jpg 460w, https:\/\/www.diarioimagen.net\/wp-content\/uploads\/2017\/06\/JOSEFINA5-portal-240x140.jpg 240w, https:\/\/www.diarioimagen.net\/wp-content\/uploads\/2017\/06\/JOSEFINA5-portal.jpg 480w\" sizes=\"auto, (max-width: 460px) 100vw, 460px\" \/><\/a><p id=\"caption-attachment-329108\" class=\"wp-caption-text\">La panista Josefina V\u00e1zquez Mota invit\u00f3 a sufragar a todos los mexiquenses y romper el abstencionismo.<\/p><\/div>\n<p>&nbsp;<\/p>\n<p>Huixquilucan, M\u00e9xico.- La candidata del PAN a la gubernatura del Estado de M\u00e9xico, Josefina V\u00e1zquez Mota, ejerci\u00f3 su derecho constitucional de votar, en la casilla 2004 B, ubicada La Herradura, en Huixquilucan.<\/p>\n<p>Luego de votar, Josefina V\u00e1zquez Mota invit\u00f3 a sufragar a todos los mexiquenses y romper el abstencionismo: \u201cSu voto es secreto. Les invito que no se queden en sus casas y salgamos a votar\u201d.<\/p>\n<p>Finalmente, se\u00f1al\u00f3 que el PAN estar\u00e1 atenta al comportamiento de la autoridad electoral durante toda la jornada del d\u00eda de hoy.<\/p>\n","protected":false},"excerpt":{"rendered":"<p> La candidata del PAN a la gubernatura del Estado de M\u00e9xico, Josefina V\u00e1zquez Mota, ejerci\u00f3 su derecho constitucional de votar, en la casilla 2004 B, ubicada La Herradura, en Huixquilucan.<\/p>\n","protected":false},"author":5,"featured_media":329108,"comment_status":"open","ping_status":"open","sticky":false,"template":"","format":"standard","meta":{"_monsterinsights_skip_tracking":false,"_monsterinsights_sitenote_active":false,"_monsterinsights_sitenote_note":"","_monsterinsights_sitenote_category":0,"footnotes":""},"categories":[35155],"tags":[363],"class_list":["post-329107","post","type-post","status-publish","format-standard","has-post-thumbnail","hentry","category-estado-de-mexico-estado-de-mexico","tag-josefina-vazquez-mota"],"_links":{"self":[{"href":"https:\/\/www.diarioimagen.net\/index.php?rest_route=\/wp\/v2\/posts\/329107","targetHints":{"allow":["GET"]}}],"collection":[{"href":"https:\/\/www.diarioimagen.net\/index.php?rest_route=\/wp\/v2\/posts"}],"about":[{"href":"https:\/\/www.diarioimagen.net\/index.php?rest_route=\/wp\/v2\/types\/post"}],"author":[{"embeddable":true,"href":"https:\/\/www.diarioimagen.net\/index.php?rest_route=\/wp\/v2\/users\/5"}],"replies":[{"embeddable":true,"href":"https:\/\/www.diarioimagen.net\/index.php?rest_route=%2Fwp%2Fv2%2Fcomments&post=329107"}],"version-history":[{"count":0,"href":"https:\/\/www.diarioimagen.net\/index.php?rest_route=\/wp\/v2\/posts\/329107\/revisions"}],"wp:featuredmedia":[{"embeddable":true,"href":"https:\/\/www.diarioimagen.net\/index.php?rest_route=\/wp\/v2\/media\/329108"}],"wp:attachment":[{"href":"https:\/\/www.diarioimagen.net\/index.php?rest_route=%2Fwp%2Fv2%2Fmedia&parent=329107"}],"wp:term":[{"taxonomy":"category","embeddable":true,"href":"https:\/\/www.diarioimagen.net\/index.php?rest_route=%2Fwp%2Fv2%2Fcategories&post=329107"},{"taxonomy":"post_tag","embeddable":true,"href":"https:\/\/www.diarioimagen.net\/index.php?rest_route=%2Fwp%2Fv2%2Ftags&post=329107"}],"curies":[{"name":"wp","href":"https:\/\/api.w.org\/{rel}","templated":true}]}}