{"id":329110,"date":"2017-06-04T14:30:57","date_gmt":"2017-06-04T19:30:57","guid":{"rendered":"http:\/\/www.diarioimagen.net\/?p=329110"},"modified":"2017-06-05T02:11:57","modified_gmt":"2017-06-05T07:11:57","slug":"juan-zepeda-del-prd-vota-llama-a-defender-el-voto","status":"publish","type":"post","link":"https:\/\/www.diarioimagen.net\/?p=329110","title":{"rendered":"Juan Zepeda, del PRD, llama a defender el voto"},"content":{"rendered":"<ul>\n<li><em><strong>Reiter\u00f3 su compromiso con la democracia<\/strong><\/em><\/li>\n<\/ul>\n<p>&nbsp;<\/p>\n<div id=\"attachment_329111\" style=\"width: 470px\" class=\"wp-caption aligncenter\"><a href=\"http:\/\/www.diarioimagen.net\/?attachment_id=329111\" rel=\"attachment wp-att-329111\"><img loading=\"lazy\" decoding=\"async\" aria-describedby=\"caption-attachment-329111\" class=\"size-large wp-image-329111\" src=\"http:\/\/www.diarioimagen.net\/wp-content\/uploads\/2017\/06\/ZEPEDA5a-portal-460x268.jpg\" alt=\"\" width=\"460\" height=\"268\" srcset=\"https:\/\/www.diarioimagen.net\/wp-content\/uploads\/2017\/06\/ZEPEDA5a-portal-460x268.jpg 460w, https:\/\/www.diarioimagen.net\/wp-content\/uploads\/2017\/06\/ZEPEDA5a-portal-240x140.jpg 240w, https:\/\/www.diarioimagen.net\/wp-content\/uploads\/2017\/06\/ZEPEDA5a-portal.jpg 480w\" sizes=\"auto, (max-width: 460px) 100vw, 460px\" \/><\/a><p id=\"caption-attachment-329111\" class=\"wp-caption-text\">Juan Zepeda emiti\u00f3 su voto en la casilla 3263 Contigua, ubicada en la S\u00e9ptima Avenida, esquina con Calle 15, colonia Estado de M\u00e9xico, en Nezahualc\u00f3yotl.<\/p><\/div>\n<p>&nbsp;<\/p>\n<p>Nezahualc\u00f3yotl, Estado de M\u00e9xico.- El candidato del PRD a la gubernatura del Estado de M\u00e9xico, Juan Zepeda emiti\u00f3 su voto poco despu\u00e9s de las 10 de la ma\u00f1ana en la casilla 3263 Contigua, ubicada en la S\u00e9ptima Avenida, esquina con Calle 15, colonia Estado de M\u00e9xico, en el municipio de Nezahualc\u00f3yotl.<\/p>\n<p>El abanderado del sol azteca sali\u00f3 de su casa acompa\u00f1ado por su coordinador de campa\u00f1a, el senador Luis S\u00e1nchez y la lideresa nacional del PRD, Alejandra Barrales.<\/p>\n<p>Luego votar, Juan Zepeda ofreci\u00f3 una conferencia de prensa en la que reiter\u00f3 su compromiso con la democracia y en la defensa de la limpieza electoral y, denunci\u00f3 la guerra sucia que se desat\u00f3 en todo el Estado de M\u00e9xico.<\/p>\n<p>El perredista se\u00f1al\u00f3 que conf\u00eda en el Instituto Electoral del Estado de M\u00e9xico (IEEM), \u00abpues soy un verdadero dem\u00f3crata, pero como dem\u00f3crata tambi\u00e9n s\u00e9 defender el voto, el cual es la voluntad de los ciudadanos\u00bb. Llam\u00f3 a defender el voto.<\/p>\n<p>Zepeda Hern\u00e1ndez indic\u00f3 que esperar\u00e1 los reportes sobre la jornada en su casa y a las seis de la tarde arribar\u00e1 a la ciudad de Toluca para seguir el resultado final.<\/p>\n","protected":false},"excerpt":{"rendered":"<p>El candidato del PRD a la gubernatura del Estado de M\u00e9xico, Juan Zepeda emiti\u00f3 su voto poco despu\u00e9s de las 10 de la ma\u00f1ana en la casilla 3263 Contigua, ubicada en la S\u00e9ptima Avenida, esquina con Calle 15, colonia Estado de M\u00e9xico, en el municipio de Nezahualc\u00f3yotl.<\/p>\n","protected":false},"author":5,"featured_media":329111,"comment_status":"open","ping_status":"open","sticky":false,"template":"","format":"standard","meta":{"_monsterinsights_skip_tracking":false,"_monsterinsights_sitenote_active":false,"_monsterinsights_sitenote_note":"","_monsterinsights_sitenote_category":0,"footnotes":""},"categories":[35155],"tags":[27999,1577],"class_list":["post-329110","post","type-post","status-publish","format-standard","has-post-thumbnail","hentry","category-estado-de-mexico-estado-de-mexico","tag-juan-zepeda","tag-nezahualcoyotl"],"_links":{"self":[{"href":"https:\/\/www.diarioimagen.net\/index.php?rest_route=\/wp\/v2\/posts\/329110","targetHints":{"allow":["GET"]}}],"collection":[{"href":"https:\/\/www.diarioimagen.net\/index.php?rest_route=\/wp\/v2\/posts"}],"about":[{"href":"https:\/\/www.diarioimagen.net\/index.php?rest_route=\/wp\/v2\/types\/post"}],"author":[{"embeddable":true,"href":"https:\/\/www.diarioimagen.net\/index.php?rest_route=\/wp\/v2\/users\/5"}],"replies":[{"embeddable":true,"href":"https:\/\/www.diarioimagen.net\/index.php?rest_route=%2Fwp%2Fv2%2Fcomments&post=329110"}],"version-history":[{"count":0,"href":"https:\/\/www.diarioimagen.net\/index.php?rest_route=\/wp\/v2\/posts\/329110\/revisions"}],"wp:featuredmedia":[{"embeddable":true,"href":"https:\/\/www.diarioimagen.net\/index.php?rest_route=\/wp\/v2\/media\/329111"}],"wp:attachment":[{"href":"https:\/\/www.diarioimagen.net\/index.php?rest_route=%2Fwp%2Fv2%2Fmedia&parent=329110"}],"wp:term":[{"taxonomy":"category","embeddable":true,"href":"https:\/\/www.diarioimagen.net\/index.php?rest_route=%2Fwp%2Fv2%2Fcategories&post=329110"},{"taxonomy":"post_tag","embeddable":true,"href":"https:\/\/www.diarioimagen.net\/index.php?rest_route=%2Fwp%2Fv2%2Ftags&post=329110"}],"curies":[{"name":"wp","href":"https:\/\/api.w.org\/{rel}","templated":true}]}}