{"id":329113,"date":"2017-06-04T13:30:16","date_gmt":"2017-06-04T18:30:16","guid":{"rendered":"http:\/\/www.diarioimagen.net\/?p=329113"},"modified":"2017-06-05T02:12:44","modified_gmt":"2017-06-05T07:12:44","slug":"lo-que-salga-que-sea-para-el-bien-de-los-mexiquenses-delfina","status":"publish","type":"post","link":"https:\/\/www.diarioimagen.net\/?p=329113","title":{"rendered":"Lo que salga que sea para el bien de los mexiquenses: Delfina"},"content":{"rendered":"<ul>\n<li><em><strong>Vot\u00f3 en la Secundaria 130 Nezahualc\u00f3yotl, de Texcoco<\/strong><\/em><\/li>\n<\/ul>\n<p>&nbsp;<\/p>\n<div id=\"attachment_329114\" style=\"width: 470px\" class=\"wp-caption aligncenter\"><a href=\"http:\/\/www.diarioimagen.net\/?attachment_id=329114\" rel=\"attachment wp-att-329114\"><img loading=\"lazy\" decoding=\"async\" aria-describedby=\"caption-attachment-329114\" class=\"size-large wp-image-329114\" src=\"http:\/\/www.diarioimagen.net\/wp-content\/uploads\/2017\/06\/DELFINA5a-portal-460x268.jpg\" alt=\"\" width=\"460\" height=\"268\" srcset=\"https:\/\/www.diarioimagen.net\/wp-content\/uploads\/2017\/06\/DELFINA5a-portal-460x268.jpg 460w, https:\/\/www.diarioimagen.net\/wp-content\/uploads\/2017\/06\/DELFINA5a-portal-240x140.jpg 240w, https:\/\/www.diarioimagen.net\/wp-content\/uploads\/2017\/06\/DELFINA5a-portal.jpg 480w\" sizes=\"auto, (max-width: 460px) 100vw, 460px\" \/><\/a><p id=\"caption-attachment-329114\" class=\"wp-caption-text\">La candidata de Morena, Delfina G\u00f3mez \u00c1lvarez, emiti\u00f3 su voto en emiti\u00f3 su voto a la casilla 4631 instalada en la Secundaria 130 Nezahualc\u00f3yotl.<\/p><\/div>\n<p>&nbsp;<\/p>\n<p>Texcoco, M\u00e9xico.- La candidata de Morena a Gobernadora del Estado de M\u00e9xico, Delfina G\u00f3mez \u00c1lvarez emiti\u00f3 su voto a la casilla 4631 instalada en la escuela Secundaria 130 Nezahualc\u00f3yotl, ubicada en el municipio de Texcoco.<\/p>\n<p>En punto de las 8:45 horas, acompa\u00f1ada por familiares y vecinos, as\u00ed como por los senadores Miguel Barbosa y Zo\u00e9 Robledo, la maestra Delfina G\u00f3mez entr\u00f3 a la escuela donde recibi\u00f3 la papeleta, ingres\u00f3 a la mampara, emiti\u00f3 su voto y sali\u00f3 para mostrar su huella marcada e colocar en la urna su sufragio.<\/p>\n<p>\u201cMi coraz\u00f3n lo que desea es que lo que salga sea para el bien de los ciudadanos, yo en las miradas de los mexiquenses vi mucho clamor de justicia, de mejoras. Deseo de mucho coraz\u00f3n que el que quede realmente trabaje para su pueblo\u201d, declar\u00f3.<\/p>\n<p>\u201cYo respetar\u00e9 el resultado si surge de la decisi\u00f3n de los ciudadanos, claro que s\u00ed. Ser\u00e9 muy respetuosa, mientras no surja de un mal manejo y actuaciones que hagan otros elementos de otro partido, pero de entrada se tiene que respetar la decisi\u00f3n de los ciudadanos\u201d, asever\u00f3 la abanderada de Morena.<\/p>\n","protected":false},"excerpt":{"rendered":"<p>La candidata de Morena a Gobernadora del Estado de M\u00e9xico, Delfina G\u00f3mez \u00c1lvarez emiti\u00f3 su voto a la casilla 4631 instalada en la escuela Secundaria 130 Nezahualc\u00f3yotl, ubicada en el municipio de Texcoco.<\/p>\n","protected":false},"author":5,"featured_media":329114,"comment_status":"open","ping_status":"open","sticky":false,"template":"","format":"standard","meta":{"_monsterinsights_skip_tracking":false,"_monsterinsights_sitenote_active":false,"_monsterinsights_sitenote_note":"","_monsterinsights_sitenote_category":0,"footnotes":""},"categories":[35155],"tags":[540],"class_list":["post-329113","post","type-post","status-publish","format-standard","has-post-thumbnail","hentry","category-estado-de-mexico-estado-de-mexico","tag-texcoco"],"_links":{"self":[{"href":"https:\/\/www.diarioimagen.net\/index.php?rest_route=\/wp\/v2\/posts\/329113","targetHints":{"allow":["GET"]}}],"collection":[{"href":"https:\/\/www.diarioimagen.net\/index.php?rest_route=\/wp\/v2\/posts"}],"about":[{"href":"https:\/\/www.diarioimagen.net\/index.php?rest_route=\/wp\/v2\/types\/post"}],"author":[{"embeddable":true,"href":"https:\/\/www.diarioimagen.net\/index.php?rest_route=\/wp\/v2\/users\/5"}],"replies":[{"embeddable":true,"href":"https:\/\/www.diarioimagen.net\/index.php?rest_route=%2Fwp%2Fv2%2Fcomments&post=329113"}],"version-history":[{"count":0,"href":"https:\/\/www.diarioimagen.net\/index.php?rest_route=\/wp\/v2\/posts\/329113\/revisions"}],"wp:featuredmedia":[{"embeddable":true,"href":"https:\/\/www.diarioimagen.net\/index.php?rest_route=\/wp\/v2\/media\/329114"}],"wp:attachment":[{"href":"https:\/\/www.diarioimagen.net\/index.php?rest_route=%2Fwp%2Fv2%2Fmedia&parent=329113"}],"wp:term":[{"taxonomy":"category","embeddable":true,"href":"https:\/\/www.diarioimagen.net\/index.php?rest_route=%2Fwp%2Fv2%2Fcategories&post=329113"},{"taxonomy":"post_tag","embeddable":true,"href":"https:\/\/www.diarioimagen.net\/index.php?rest_route=%2Fwp%2Fv2%2Ftags&post=329113"}],"curies":[{"name":"wp","href":"https:\/\/api.w.org\/{rel}","templated":true}]}}