{"id":329179,"date":"2017-06-05T00:11:02","date_gmt":"2017-06-05T05:11:02","guid":{"rendered":"http:\/\/www.diarioimagen.net\/?p=329179"},"modified":"2017-06-05T03:06:27","modified_gmt":"2017-06-05T08:06:27","slug":"pri-se-declara-vencedor-de-elecciones-en-2-estados","status":"publish","type":"post","link":"https:\/\/www.diarioimagen.net\/?p=329179","title":{"rendered":"PRI se declara vencedor de elecciones en 2 estados"},"content":{"rendered":"<ul>\n<li><strong><em>\u201cEl Estado de M\u00e9xico no merece ser Venezuela\u201d<\/em><\/strong><\/li>\n<\/ul>\n<p>&nbsp;<\/p>\n<div id=\"attachment_329240\" style=\"width: 470px\" class=\"wp-caption aligncenter\"><a href=\"http:\/\/www.diarioimagen.net\/?attachment_id=329240\" rel=\"attachment wp-att-329240\"><img loading=\"lazy\" decoding=\"async\" aria-describedby=\"caption-attachment-329240\" class=\"size-large wp-image-329240\" src=\"http:\/\/www.diarioimagen.net\/wp-content\/uploads\/2017\/06\/del-mazo-3134-460x259.jpg\" alt=\"\" width=\"460\" height=\"259\" srcset=\"https:\/\/www.diarioimagen.net\/wp-content\/uploads\/2017\/06\/del-mazo-3134-460x259.jpg 460w, https:\/\/www.diarioimagen.net\/wp-content\/uploads\/2017\/06\/del-mazo-3134-240x135.jpg 240w, https:\/\/www.diarioimagen.net\/wp-content\/uploads\/2017\/06\/del-mazo-3134-235x132.jpg 235w, https:\/\/www.diarioimagen.net\/wp-content\/uploads\/2017\/06\/del-mazo-3134-202x114.jpg 202w, https:\/\/www.diarioimagen.net\/wp-content\/uploads\/2017\/06\/del-mazo-3134-350x196.jpg 350w, https:\/\/www.diarioimagen.net\/wp-content\/uploads\/2017\/06\/del-mazo-3134-220x123.jpg 220w, https:\/\/www.diarioimagen.net\/wp-content\/uploads\/2017\/06\/del-mazo-3134-237x132.jpg 237w, https:\/\/www.diarioimagen.net\/wp-content\/uploads\/2017\/06\/del-mazo-3134.jpg 480w\" sizes=\"auto, (max-width: 460px) 100vw, 460px\" \/><\/a><p id=\"caption-attachment-329240\" class=\"wp-caption-text\">Alfredo Del Mazo agradeci\u00f3 la confianza, el respaldo y el apoyo de la mayor\u00eda de los mexiquenses.<\/p><\/div>\n<p>&nbsp;<\/p>\n<p>El presidente nacional del PRI, Enrique Ochoa Reza, felicit\u00f3 a la ciudadan\u00eda por cumplir con su deber c\u00edvico de votar y agradeci\u00f3 a la gente porque \u201cjuntos detuvimos el avance del populismo autoritario en el Estado de M\u00e9xico y haremos lo mismo en 2018, pues el Estado de M\u00e9xico no merece ser Venezuela\u201d.<\/p>\n<p>En conferencia de prensa, el l\u00edder del Partido Revolucionario Institucional (PRI) asegur\u00f3 que defender\u00e1n el voto libre de la ciudadan\u00eda en todas las instancias y destac\u00f3 que la preferencia de la poblaci\u00f3n se debe a que se trata de una fuerza pol\u00edtica que escucha y atiende las exigencias de la ciudadan\u00eda.<\/p>\n<p>El PRI, sostuvo, es el vencedor en la presente jornada electoral, pues los resultados con los que cuentan le dan el triunfo a sus candidatos en el Estado de M\u00e9xico y Coahuila, \u201dy lo mismo suceder\u00e1 en Nayarit\u201d, donde las tendencias favorecen al abanderado Manuel Cota.<\/p>\n<p style=\"text-align: center;\"><strong>Mensaje de Del Mazo<\/strong><\/p>\n<p>El candidato del PRI al gobierno del Estado de M\u00e9xico, Alfredo del Mazo, agradeci\u00f3 a la ciudadan\u00eda, a los mexiquenses, por la jornada electoral en donde de manera libre y democr\u00e1tica se vot\u00f3 para elegir al pr\u00f3ximo gobernador del Estado de M\u00e9xico.<\/p>\n<p>\u201cReconozco que esta jornada se llev\u00f3 a cabo en su gran mayor\u00eda sin incidentes mayores, donde hoy bien d\u00eda se han expresado los mexiquenses.<\/p>\n<p>\u201cAgradezco la confianza, el respaldo y el apoyo de la mayor\u00eda de los mexiquenses que han cre\u00eddo en nosotros.<\/p>\n<p>\u201cHace unos momentos (ayer), en las distintas encuestas de salida que se han estado expresando, en absolutamente todas tenemos una clara ventaja por lo cual estamos triunfando en estos datos que se han expresado y que muestra el claro respaldo de los ciudadanos hacia su servidor.<\/p>\n<p>\u201cEstaremos atentos, primero que nada reconociendo el gran trabajo de las autoridades electorales y dando seguimiento al trabajo que han de llevar a cabo en las pr\u00f3ximas horas. \u201cEstaremos atentos al conteo que se llevar\u00e1 a cabo, a los n\u00fameros que se van a ir publicando de manera oficial en las pr\u00f3ximas horas y sobre todo agradecer esta fiesta democr\u00e1tica en donde primero que nada ganan los mexiquenses, adem\u00e1s agradezco nuevamente esa confianza que el d\u00eda de hoy muestra claramente un respaldo hacia su servidor, concluy\u00f3 Del Mazo Maza.<\/p>\n<p>&nbsp;<\/p>\n<p>&nbsp;<\/p>\n","protected":false},"excerpt":{"rendered":"<p>El presidente nacional del PRI, Enrique Ochoa Reza, felicit\u00f3 a la ciudadan\u00eda por cumplir con su deber c\u00edvico de votar y agradeci\u00f3 a la gente porque \u201cjuntos detuvimos el avance del populismo autoritario en el Estado de M\u00e9xico y haremos lo mismo en 2018, pues el Estado de M\u00e9xico no merece ser Venezuela\u201d.<\/p>\n","protected":false},"author":3,"featured_media":329240,"comment_status":"open","ping_status":"open","sticky":false,"template":"","format":"standard","meta":{"_monsterinsights_skip_tracking":false,"_monsterinsights_sitenote_active":false,"_monsterinsights_sitenote_note":"","_monsterinsights_sitenote_category":0,"footnotes":""},"categories":[3],"tags":[27947,362,1533],"class_list":["post-329179","post","type-post","status-publish","format-standard","has-post-thumbnail","hentry","category-nacional","tag-enrique-ochoa-reza","tag-pri","tag-venezuela"],"_links":{"self":[{"href":"https:\/\/www.diarioimagen.net\/index.php?rest_route=\/wp\/v2\/posts\/329179","targetHints":{"allow":["GET"]}}],"collection":[{"href":"https:\/\/www.diarioimagen.net\/index.php?rest_route=\/wp\/v2\/posts"}],"about":[{"href":"https:\/\/www.diarioimagen.net\/index.php?rest_route=\/wp\/v2\/types\/post"}],"author":[{"embeddable":true,"href":"https:\/\/www.diarioimagen.net\/index.php?rest_route=\/wp\/v2\/users\/3"}],"replies":[{"embeddable":true,"href":"https:\/\/www.diarioimagen.net\/index.php?rest_route=%2Fwp%2Fv2%2Fcomments&post=329179"}],"version-history":[{"count":0,"href":"https:\/\/www.diarioimagen.net\/index.php?rest_route=\/wp\/v2\/posts\/329179\/revisions"}],"wp:featuredmedia":[{"embeddable":true,"href":"https:\/\/www.diarioimagen.net\/index.php?rest_route=\/wp\/v2\/media\/329240"}],"wp:attachment":[{"href":"https:\/\/www.diarioimagen.net\/index.php?rest_route=%2Fwp%2Fv2%2Fmedia&parent=329179"}],"wp:term":[{"taxonomy":"category","embeddable":true,"href":"https:\/\/www.diarioimagen.net\/index.php?rest_route=%2Fwp%2Fv2%2Fcategories&post=329179"},{"taxonomy":"post_tag","embeddable":true,"href":"https:\/\/www.diarioimagen.net\/index.php?rest_route=%2Fwp%2Fv2%2Ftags&post=329179"}],"curies":[{"name":"wp","href":"https:\/\/api.w.org\/{rel}","templated":true}]}}