{"id":329187,"date":"2017-06-05T00:08:14","date_gmt":"2017-06-05T05:08:14","guid":{"rendered":"http:\/\/www.diarioimagen.net\/?p=329187"},"modified":"2017-06-05T03:10:58","modified_gmt":"2017-06-05T08:10:58","slug":"transcurrio-en-orden-la-jornada-electoral-en-huixquilucan-edil","status":"publish","type":"post","link":"https:\/\/www.diarioimagen.net\/?p=329187","title":{"rendered":"Transcurri\u00f3 en orden la jornada electoral en Huixquilucan: edil"},"content":{"rendered":"<ul>\n<li><strong><em>Se instalaron las 276 casillas<\/em><\/strong><\/li>\n<\/ul>\n<p>&nbsp;<\/p>\n<div id=\"attachment_329251\" style=\"width: 239px\" class=\"wp-caption alignleft\"><a href=\"http:\/\/www.diarioimagen.net\/?attachment_id=329251\" rel=\"attachment wp-att-329251\"><img loading=\"lazy\" decoding=\"async\" aria-describedby=\"caption-attachment-329251\" class=\" wp-image-329251\" src=\"http:\/\/www.diarioimagen.net\/wp-content\/uploads\/2017\/06\/HUIXQUILUCAN-3134-160x240.jpg\" alt=\"\" width=\"229\" height=\"344\" srcset=\"https:\/\/www.diarioimagen.net\/wp-content\/uploads\/2017\/06\/HUIXQUILUCAN-3134-160x240.jpg 160w, https:\/\/www.diarioimagen.net\/wp-content\/uploads\/2017\/06\/HUIXQUILUCAN-3134-306x460.jpg 306w, https:\/\/www.diarioimagen.net\/wp-content\/uploads\/2017\/06\/HUIXQUILUCAN-3134.jpg 333w\" sizes=\"auto, (max-width: 229px) 100vw, 229px\" \/><\/a><p id=\"caption-attachment-329251\" class=\"wp-caption-text\">El alcalde de Huixquilucan asegur\u00f3 que el municipio estuvo en calma y se instalaron las 276 casillas que representaron el ciento por ciento.<\/p><\/div>\n<p><strong>Huixquilucan, Estado de M\u00e9xico<\/strong>.-La Direcci\u00f3n General de Seguridad P\u00fablica y Vialidad de Huixquilucan, realiz\u00f3 un operativo en el que participaron todos sus elementos, para mantener el orden durante la jornada electoral del domingo.<\/p>\n<p>En entrevista, luego de acudir a emitir su voto, el alcalde de Huixquilucan, asegur\u00f3 que el municipio estuvo en calma y se instalaron 276 casillas que representaron el ciento por ciento.<\/p>\n<p>Acompa\u00f1ado de su familia, el edil llam\u00f3 a la ciudadan\u00eda para que acudieran a las urnas a cumplir su deber ciudadano.<\/p>\n<p>Se\u00f1al\u00f3 que su gobierno se mantuvo en contacto directo con las autoridades del Estado de M\u00e9xico, a fin de mantener la tranquilidad durante la jornada electoral que en Huixquilucan, transcurri\u00f3 en paz.<\/p>\n<p>El edil dijo que la autoridad municipal, dentro de sus facultades, estuvo atento al desarrollo de la jornada electoral.<\/p>\n<p>&nbsp;<\/p>\n","protected":false},"excerpt":{"rendered":"<p>La Direcci\u00f3n General de Seguridad P\u00fablica y Vialidad de Huixquilucan, realiz\u00f3 un operativo en el que participaron todos sus elementos, para mantener el orden durante la jornada electoral del domingo.<\/p>\n","protected":false},"author":3,"featured_media":329252,"comment_status":"open","ping_status":"open","sticky":false,"template":"","format":"standard","meta":{"_monsterinsights_skip_tracking":false,"_monsterinsights_sitenote_active":false,"_monsterinsights_sitenote_note":"","_monsterinsights_sitenote_category":0,"footnotes":""},"categories":[35155],"tags":[43675,1097,20804],"class_list":["post-329187","post","type-post","status-publish","format-standard","has-post-thumbnail","hentry","category-estado-de-mexico-estado-de-mexico","tag-estado-de-mexico","tag-huixquilucan","tag-jornada-electoral"],"_links":{"self":[{"href":"https:\/\/www.diarioimagen.net\/index.php?rest_route=\/wp\/v2\/posts\/329187","targetHints":{"allow":["GET"]}}],"collection":[{"href":"https:\/\/www.diarioimagen.net\/index.php?rest_route=\/wp\/v2\/posts"}],"about":[{"href":"https:\/\/www.diarioimagen.net\/index.php?rest_route=\/wp\/v2\/types\/post"}],"author":[{"embeddable":true,"href":"https:\/\/www.diarioimagen.net\/index.php?rest_route=\/wp\/v2\/users\/3"}],"replies":[{"embeddable":true,"href":"https:\/\/www.diarioimagen.net\/index.php?rest_route=%2Fwp%2Fv2%2Fcomments&post=329187"}],"version-history":[{"count":0,"href":"https:\/\/www.diarioimagen.net\/index.php?rest_route=\/wp\/v2\/posts\/329187\/revisions"}],"wp:featuredmedia":[{"embeddable":true,"href":"https:\/\/www.diarioimagen.net\/index.php?rest_route=\/wp\/v2\/media\/329252"}],"wp:attachment":[{"href":"https:\/\/www.diarioimagen.net\/index.php?rest_route=%2Fwp%2Fv2%2Fmedia&parent=329187"}],"wp:term":[{"taxonomy":"category","embeddable":true,"href":"https:\/\/www.diarioimagen.net\/index.php?rest_route=%2Fwp%2Fv2%2Fcategories&post=329187"},{"taxonomy":"post_tag","embeddable":true,"href":"https:\/\/www.diarioimagen.net\/index.php?rest_route=%2Fwp%2Fv2%2Ftags&post=329187"}],"curies":[{"name":"wp","href":"https:\/\/api.w.org\/{rel}","templated":true}]}}