{"id":329189,"date":"2017-06-05T00:07:21","date_gmt":"2017-06-05T05:07:21","guid":{"rendered":"http:\/\/www.diarioimagen.net\/?p=329189"},"modified":"2017-06-05T03:54:37","modified_gmt":"2017-06-05T08:54:37","slug":"la-alcaldesa-denisse-ugalde-destaca-eleccion-en-paz","status":"publish","type":"post","link":"https:\/\/www.diarioimagen.net\/?p=329189","title":{"rendered":"La alcaldesa Denisse Ugalde destaca elecci\u00f3n en paz"},"content":{"rendered":"<p><strong><a href=\"http:\/\/www.diarioimagen.net\/?attachment_id=329254\" rel=\"attachment wp-att-329254\"><img loading=\"lazy\" decoding=\"async\" class=\"alignleft  wp-image-329254\" src=\"http:\/\/www.diarioimagen.net\/wp-content\/uploads\/2017\/06\/TLALNEPANTLA-3134-212x240.jpg\" alt=\"\" width=\"152\" height=\"172\" srcset=\"https:\/\/www.diarioimagen.net\/wp-content\/uploads\/2017\/06\/TLALNEPANTLA-3134-212x240.jpg 212w, https:\/\/www.diarioimagen.net\/wp-content\/uploads\/2017\/06\/TLALNEPANTLA-3134-406x460.jpg 406w, https:\/\/www.diarioimagen.net\/wp-content\/uploads\/2017\/06\/TLALNEPANTLA-3134.jpg 618w\" sizes=\"auto, (max-width: 152px) 100vw, 152px\" \/><\/a>Tlalnepantla, Estado de M\u00e9xico.- <\/strong>Desde temprana hora, la presidenta municipal Denisse Ugalde Alegr\u00eda, emiti\u00f3 su voto en la casilla 4837 contigua, ubicada en el DIF de Santa M\u00f3nica.<\/p>\n<p>Acompa\u00f1ada de su familia, la alcaldesa se pronunci\u00f3 a favor de una elecci\u00f3n participativa y limpia, adem\u00e1s de que destac\u00f3 que en territorio municipal, la apertura de casillas se llev\u00f3 a cabo en total calma y en un ambiente de paz.<\/p>\n","protected":false},"excerpt":{"rendered":"<p> Desde temprana hora, la presidenta municipal Denisse Ugalde Alegr\u00eda, emiti\u00f3 su voto en la casilla 4837 contigua, ubicada en el DIF de Santa M\u00f3nica.<\/p>\n","protected":false},"author":3,"featured_media":329257,"comment_status":"open","ping_status":"open","sticky":false,"template":"","format":"standard","meta":{"_monsterinsights_skip_tracking":false,"_monsterinsights_sitenote_active":false,"_monsterinsights_sitenote_note":"","_monsterinsights_sitenote_category":0,"footnotes":""},"categories":[35155],"tags":[45490,798,43675,169],"class_list":["post-329189","post","type-post","status-publish","format-standard","has-post-thumbnail","hentry","category-estado-de-mexico-estado-de-mexico","tag-denisse-ugalde-alegria","tag-elecciones","tag-estado-de-mexico","tag-tlalnepantla"],"_links":{"self":[{"href":"https:\/\/www.diarioimagen.net\/index.php?rest_route=\/wp\/v2\/posts\/329189","targetHints":{"allow":["GET"]}}],"collection":[{"href":"https:\/\/www.diarioimagen.net\/index.php?rest_route=\/wp\/v2\/posts"}],"about":[{"href":"https:\/\/www.diarioimagen.net\/index.php?rest_route=\/wp\/v2\/types\/post"}],"author":[{"embeddable":true,"href":"https:\/\/www.diarioimagen.net\/index.php?rest_route=\/wp\/v2\/users\/3"}],"replies":[{"embeddable":true,"href":"https:\/\/www.diarioimagen.net\/index.php?rest_route=%2Fwp%2Fv2%2Fcomments&post=329189"}],"version-history":[{"count":0,"href":"https:\/\/www.diarioimagen.net\/index.php?rest_route=\/wp\/v2\/posts\/329189\/revisions"}],"wp:featuredmedia":[{"embeddable":true,"href":"https:\/\/www.diarioimagen.net\/index.php?rest_route=\/wp\/v2\/media\/329257"}],"wp:attachment":[{"href":"https:\/\/www.diarioimagen.net\/index.php?rest_route=%2Fwp%2Fv2%2Fmedia&parent=329189"}],"wp:term":[{"taxonomy":"category","embeddable":true,"href":"https:\/\/www.diarioimagen.net\/index.php?rest_route=%2Fwp%2Fv2%2Fcategories&post=329189"},{"taxonomy":"post_tag","embeddable":true,"href":"https:\/\/www.diarioimagen.net\/index.php?rest_route=%2Fwp%2Fv2%2Ftags&post=329189"}],"curies":[{"name":"wp","href":"https:\/\/api.w.org\/{rel}","templated":true}]}}