{"id":329319,"date":"2017-06-06T00:10:44","date_gmt":"2017-06-06T05:10:44","guid":{"rendered":"http:\/\/www.diarioimagen.net\/?p=329319"},"modified":"2017-06-06T00:16:33","modified_gmt":"2017-06-06T05:16:33","slug":"cierre-total-de-la-carretera-federal-mexico-toluca-por-trabajos-del-tren-interurbano","status":"publish","type":"post","link":"https:\/\/www.diarioimagen.net\/?p=329319","title":{"rendered":"Cierre parcial de la carretera federal M\u00e9xico-Toluca"},"content":{"rendered":"<ul>\n<li><strong><em>Por trabajos del Tren Interurbano<\/em><\/strong><\/li>\n<\/ul>\n<p>&nbsp;<\/p>\n<div id=\"attachment_329320\" style=\"width: 470px\" class=\"wp-caption aligncenter\"><a href=\"http:\/\/www.diarioimagen.net\/?attachment_id=329320\" rel=\"attachment wp-att-329320\"><img loading=\"lazy\" decoding=\"async\" aria-describedby=\"caption-attachment-329320\" class=\"wp-image-329320 size-large\" src=\"http:\/\/www.diarioimagen.net\/wp-content\/uploads\/2017\/06\/CARRETERA6-portal-460x268.jpg\" alt=\"\" width=\"460\" height=\"268\" srcset=\"https:\/\/www.diarioimagen.net\/wp-content\/uploads\/2017\/06\/CARRETERA6-portal-460x268.jpg 460w, https:\/\/www.diarioimagen.net\/wp-content\/uploads\/2017\/06\/CARRETERA6-portal-240x140.jpg 240w, https:\/\/www.diarioimagen.net\/wp-content\/uploads\/2017\/06\/CARRETERA6-portal.jpg 480w\" sizes=\"auto, (max-width: 460px) 100vw, 460px\" \/><\/a><p id=\"caption-attachment-329320\" class=\"wp-caption-text\">A partir del mi\u00e9rcoles 7 de junio al mi\u00e9rcoles 13 de septiembre de 2017 cerrar\u00e1n por las noches la carretera federal M\u00e9xico-Toluca, a la altura del km 47.<\/p><\/div>\n<p>&nbsp;<\/p>\n<p><strong>Toluca, Estado de M\u00e9xico<\/strong>.- Debido a los avances en la construcci\u00f3n del Tren Interurbano M\u00e9xico-Toluca, la Direcci\u00f3n General de Desarrollo Ferroviario y Multimodal de la Secretar\u00eda de Comunicaciones y Transportes (SCT), informa que, a partir del mi\u00e9rcoles 7 de junio al mi\u00e9rcoles 13 de septiembre de 2017, se llevar\u00e1n a cabo trabajos de montaje de trabes en los apoyos 88 al 102 del viaducto denominado 1-E sobre la carretera federal M\u00e9xico-Toluca, a la altura del km 47, lo que requerir\u00e1 el cierre total de este tramo.<\/p>\n<p>Los cierres se realizar\u00e1n \u00fanicamente los d\u00edas mi\u00e9rcoles de los meses de junio, julio, agosto y los mi\u00e9rcoles 6 y 13 de septiembre, con un horario de 23:00 a 05:00 horas del d\u00eda siguiente, por lo que se recomienda a la poblaci\u00f3n planear sus recorridos con anticipaci\u00f3n.<\/p>\n<p>Como rutas alternas se recomienda la carretera Toluca-Naucalpan, la carretera La Marquesa-Tenango del Valle y la autopista L\u200ba Marquesa-Lerma.<\/p>\n<p>Toda la informaci\u00f3n respecto de este cierre vial puede consultarse en la p\u00e1gina www.sct.gob.mx\/transporte-y-medicina-preventiva\/transporte-ferroviario-y-multimodal<strong>.<\/strong><\/p>\n","protected":false},"excerpt":{"rendered":"<p>Debido a los avances en la construcci\u00f3n del Tren Interurbano M\u00e9xico-Toluca, la Direcci\u00f3n General de Desarrollo Ferroviario y Multimodal de la Secretar\u00eda de Comunicaciones y Transportes (SCT), informa que, a partir del mi\u00e9rcoles 7 de junio al mi\u00e9rcoles 13 de septiembre de 2017, se llevar\u00e1n a cabo trabajos de montaje de trabes en los apoyos 88 al 102 del viaducto denominado 1-E sobre la carretera federal M\u00e9xico-Toluca, a la altura del km 47, lo que requerir\u00e1 el cierre total de este tramo.<\/p>\n","protected":false},"author":5,"featured_media":329320,"comment_status":"open","ping_status":"open","sticky":false,"template":"","format":"standard","meta":{"_monsterinsights_skip_tracking":false,"_monsterinsights_sitenote_active":false,"_monsterinsights_sitenote_note":"","_monsterinsights_sitenote_category":0,"footnotes":""},"categories":[5],"tags":[43675,24968,452,49371],"class_list":["post-329319","post","type-post","status-publish","format-standard","has-post-thumbnail","hentry","category-estado-de-mexico","tag-estado-de-mexico","tag-mexico-toluca","tag-toluca","tag-tren-interurbano"],"_links":{"self":[{"href":"https:\/\/www.diarioimagen.net\/index.php?rest_route=\/wp\/v2\/posts\/329319","targetHints":{"allow":["GET"]}}],"collection":[{"href":"https:\/\/www.diarioimagen.net\/index.php?rest_route=\/wp\/v2\/posts"}],"about":[{"href":"https:\/\/www.diarioimagen.net\/index.php?rest_route=\/wp\/v2\/types\/post"}],"author":[{"embeddable":true,"href":"https:\/\/www.diarioimagen.net\/index.php?rest_route=\/wp\/v2\/users\/5"}],"replies":[{"embeddable":true,"href":"https:\/\/www.diarioimagen.net\/index.php?rest_route=%2Fwp%2Fv2%2Fcomments&post=329319"}],"version-history":[{"count":0,"href":"https:\/\/www.diarioimagen.net\/index.php?rest_route=\/wp\/v2\/posts\/329319\/revisions"}],"wp:featuredmedia":[{"embeddable":true,"href":"https:\/\/www.diarioimagen.net\/index.php?rest_route=\/wp\/v2\/media\/329320"}],"wp:attachment":[{"href":"https:\/\/www.diarioimagen.net\/index.php?rest_route=%2Fwp%2Fv2%2Fmedia&parent=329319"}],"wp:term":[{"taxonomy":"category","embeddable":true,"href":"https:\/\/www.diarioimagen.net\/index.php?rest_route=%2Fwp%2Fv2%2Fcategories&post=329319"},{"taxonomy":"post_tag","embeddable":true,"href":"https:\/\/www.diarioimagen.net\/index.php?rest_route=%2Fwp%2Fv2%2Ftags&post=329319"}],"curies":[{"name":"wp","href":"https:\/\/api.w.org\/{rel}","templated":true}]}}