{"id":329446,"date":"2017-06-06T00:03:31","date_gmt":"2017-06-06T05:03:31","guid":{"rendered":"http:\/\/www.diarioimagen.net\/?p=329446"},"modified":"2017-06-06T04:32:43","modified_gmt":"2017-06-06T09:32:43","slug":"lenguas-sueltas","status":"publish","type":"post","link":"https:\/\/www.diarioimagen.net\/?p=329446","title":{"rendered":"Lenguas sueltas"},"content":{"rendered":"<h2>Folclor urbano<\/h2>\n<h5>Salvador Estrada<\/h5>\n<p>&nbsp;<\/p>\n<p>Ante la pasi\u00f3n pol\u00edtica que despiertan las elecciones, se suelta la lengua de muchos pol\u00edticos para opinar, culpar, se\u00f1alar y decir\u00a0lo que salga de su ronco pecho, sin saber lo que est\u00e1n diciendo, porque caen en el terreno de \u201clos hocicones\u201d.<\/p>\n<p>Tal es el caso del ex presidente Vicente Fox, y de Humberto Moreira, tambi\u00e9n ex presidente, pero del PRI, quienes al hablar \u201cno se mordieron la lengua\u201d de lo que expresaron.<\/p>\n<p>Moreira, que fue gobernador de Coahuila y dej\u00f3 saqueado el estado, pero no obstante fue electo presidente\u00a0 del Partido Revolucionario Institucional,\u00a0al ir a votar en Torre\u00f3n, dijo que le va a reclamar a su actual l\u00edder, Enrique Ochoa, si no gana los estados que \u00e9l\u00a0 gan\u00f3 cuando mandaba en el PRI. Y le advirti\u00f3 que si no entrega buenos resultados \u00a1que renuncie!<\/p>\n<p>Moreira no tiene calidad moral para hablar as\u00ed, bueno ni verg\u00fcenza, porque fue detenido\u00a0en Espa\u00f1a por \u201csus transas\u201d, se le ech\u00f3 la mano para que lo dejaran libre y regresara a M\u00e9xico. Y ahora, ya\u00a0 convertido en un c\u00ednico va a morir como el pez, que \u201cpor su boca muere\u201d. Y tiene que ser as\u00ed, porque \u00e9l es un pez gordo, pero por sus \u201capoyos pol\u00edticos\u201d la suerte est\u00e1 de su parte, hasta ahora, pero vienen cambios en su estado.<\/p>\n<p>Y la estrella azul del a\u00f1o 2000, Vicente Fox, que logr\u00f3 echar al PRI del poder,\u00a0atac\u00e1ndolo con todo y botas, hoy\u00a0quiere reflectores y se suma a una marcha, all\u00e1 en Le\u00f3n, Guanajuato, para apoyar\u00a0a venezolanos que quieren a su presidente, Nicol\u00e1s Maduro, fuera del poder.<\/p>\n<p>\u00a1Ah!, pero Chente se siente el \u201cmero papas fritas\u201d y \u201cve que L\u00f3pez Obrador tiene los mismo genes que Maduro\u201d. Y Fox, que no quer\u00eda\u00a0al PRI por sus corruptelas y le dio duro en su campa\u00f1a presidencial,\u00a0ahora lo defiende. Dijo que el triunfo del PRI en el Estado de M\u00e9xico, permitir\u00e1 proteger las instituciones del pa\u00eds de L\u00f3pez Obrador.<\/p>\n<p>Como si estuviera en campa\u00f1a, invit\u00f3 a los venezolanos a echarse un tequila en su rancho\u00a0San Crist\u00f3bal, para \u201cque tengamos valor para acabar con los dictadores\u201d.<\/p>\n<p>La regla de oro en la pol\u00edtica era que los ex presidentes permanecieran calladitos, para verse m\u00e1s bonitos, pero a Vicente Fox esta regla le vali\u00f3 un cacahuate y cuando quiere decir tonter\u00edas habla y no se mide.<\/p>\n<p>Fox tuvo la oportunidad de cambiar a M\u00e9xico, pero no hizo nada de nada, solamente enga\u00f1\u00f3 a los ciudadanos\u00a0e hizo ricos a sus cuates y parientes.<\/p>\n<p>\u201cPara fortalecer la democracia\u201d, si Guillermo Anaya es el nuevo gobernador de Coahuila, va a perseguir a los hermanos Moreira y les ajustar\u00e1 cuentas. A Fox todav\u00eda no lo juzga la historia, pero a cada capillita le llega su fiestecita y ya falta menos para que \u00e9l tenga \u201csu fiesta y va a tener que bailar\u201d.<\/p>\n<p><em><a href=\"mailto:chavasec@yahoo.com.mx\" target=\"_blank\" rel=\"noopener noreferrer\">chavasec@yahoo.com.mx<\/a><\/em><strong><br \/>\n<\/strong><\/p>\n","protected":false},"excerpt":{"rendered":"<p><span style=\"color: #005497;\"><strong>Salvador Estrada<\/strong><\/span><\/p>\n","protected":false},"author":3,"featured_media":0,"comment_status":"open","ping_status":"open","sticky":false,"template":"","format":"standard","meta":{"_monsterinsights_skip_tracking":false,"_monsterinsights_sitenote_active":false,"_monsterinsights_sitenote_note":"","_monsterinsights_sitenote_category":0,"footnotes":""},"categories":[41601],"tags":[41599,43674,41600],"class_list":["post-329446","post","type-post","status-publish","format-standard","hentry","category-salvador-estrada-opinion","tag-folclor-urbano","tag-opinion","tag-salvador-estrada"],"_links":{"self":[{"href":"https:\/\/www.diarioimagen.net\/index.php?rest_route=\/wp\/v2\/posts\/329446","targetHints":{"allow":["GET"]}}],"collection":[{"href":"https:\/\/www.diarioimagen.net\/index.php?rest_route=\/wp\/v2\/posts"}],"about":[{"href":"https:\/\/www.diarioimagen.net\/index.php?rest_route=\/wp\/v2\/types\/post"}],"author":[{"embeddable":true,"href":"https:\/\/www.diarioimagen.net\/index.php?rest_route=\/wp\/v2\/users\/3"}],"replies":[{"embeddable":true,"href":"https:\/\/www.diarioimagen.net\/index.php?rest_route=%2Fwp%2Fv2%2Fcomments&post=329446"}],"version-history":[{"count":0,"href":"https:\/\/www.diarioimagen.net\/index.php?rest_route=\/wp\/v2\/posts\/329446\/revisions"}],"wp:attachment":[{"href":"https:\/\/www.diarioimagen.net\/index.php?rest_route=%2Fwp%2Fv2%2Fmedia&parent=329446"}],"wp:term":[{"taxonomy":"category","embeddable":true,"href":"https:\/\/www.diarioimagen.net\/index.php?rest_route=%2Fwp%2Fv2%2Fcategories&post=329446"},{"taxonomy":"post_tag","embeddable":true,"href":"https:\/\/www.diarioimagen.net\/index.php?rest_route=%2Fwp%2Fv2%2Ftags&post=329446"}],"curies":[{"name":"wp","href":"https:\/\/api.w.org\/{rel}","templated":true}]}}