{"id":329708,"date":"2017-06-08T00:08:30","date_gmt":"2017-06-08T05:08:30","guid":{"rendered":"http:\/\/www.diarioimagen.net\/?p=329708"},"modified":"2017-06-09T00:16:12","modified_gmt":"2017-06-09T05:16:12","slug":"en-18-meses-se-consolidara-el-trabajo-hecho-pena-nieto","status":"publish","type":"post","link":"https:\/\/www.diarioimagen.net\/?p=329708","title":{"rendered":"En 18 meses se consolidar\u00e1 trabajo realizado, dice EPN"},"content":{"rendered":"<ul>\n<li><strong><em>Conf\u00eda en un cierre de gobierno positivo<\/em><\/strong><\/li>\n<\/ul>\n<p>&nbsp;<\/p>\n<div id=\"attachment_329709\" style=\"width: 470px\" class=\"wp-caption aligncenter\"><img loading=\"lazy\" decoding=\"async\" aria-describedby=\"caption-attachment-329709\" class=\"wp-image-329709 size-large\" src=\"http:\/\/www.diarioimagen.net\/wp-content\/uploads\/2017\/06\/PE\u00d1A8-portal-460x268.jpg\" alt=\"\" width=\"460\" height=\"268\" srcset=\"https:\/\/www.diarioimagen.net\/wp-content\/uploads\/2017\/06\/PE\u00d1A8-portal-460x268.jpg 460w, https:\/\/www.diarioimagen.net\/wp-content\/uploads\/2017\/06\/PE\u00d1A8-portal-240x140.jpg 240w, https:\/\/www.diarioimagen.net\/wp-content\/uploads\/2017\/06\/PE\u00d1A8-portal.jpg 480w\" sizes=\"auto, (max-width: 460px) 100vw, 460px\" \/><p id=\"caption-attachment-329709\" class=\"wp-caption-text\">Enrique Pe\u00f1a Nieto encabez\u00f3 la ceremonia de entrega del XXVII Premio Nacional de Calidad, en la residencia oficial de Los Pinos.<\/p><\/div>\n<p>&nbsp;<\/p>\n<p>En los \u00faltimos 18 meses de esta administraci\u00f3n se trabajar\u00e1 arduamente, pues es \u201cel tiempo ideal para consolidar el intenso trabajo que los mexicanos hemos hecho en estos poco m\u00e1s de cuatro a\u00f1os\u201d, afirm\u00f3 el presidente Enrique Pe\u00f1a Nieto.<\/p>\n<p>\u201cConf\u00edo en que habr\u00e1 un cierre muy positivo para afianzar lo realizado hasta el d\u00eda de hoy\u201d, dijo el mandatario federal durante la ceremonia de entrega del XXVII Premio Nacional de Calidad, realizada en la residencia oficial de Los Pinos.<\/p>\n<p>Se\u00f1al\u00f3 que hace una semana comenz\u00f3 formalmente el \u00faltimo cuarto de la presente administraci\u00f3n, \u201cy al igual que sucede en los \u00faltimos minutos de una contienda deportiva, todos los atletas hacen un esfuerzo final\u201d.<\/p>\n<p>Esto, expres\u00f3, \u201cconsolidar\u00e1 el proceso de transformaci\u00f3n hacia un M\u00e9xico ganador, hacia un M\u00e9xico del futuro que juntos estamos construyendo\u201d.<\/p>\n<p>Sostuvo que, en buena medida, estos avances han sido posibles por el impulso de las reformas estructurales, y gracias a ellas y otras transformaciones, los inversionistas nacionales y extranjeros \u201chan dado su voto de confianza\u201d al pa\u00eds.<\/p>\n<p>Acompa\u00f1ado por los secretarios de Educaci\u00f3n P\u00fablica, Aurelio Nu\u00f1o Mayer, y de Turismo, Enrique de la Madrid Cordero, destac\u00f3 que as\u00ed lo demuestran varios indicadores. \u201c\u00c9ste es, sin ambig\u00fcedades, el mejor sexenio en creaci\u00f3n de empleos\u201d.<\/p>\n<p>Expuso que de acuerdo con cifras dadas a conocer ayer mi\u00e9rcoles por el Instituto Mexicano del Seguro Social (IMSS), en mayo se generaron cerca de 27 mil puestos de trabajo, cifra superior en m\u00e1s de 30 por ciento a la registrada en mayo del a\u00f1o pasado.<\/p>\n<p>Apunt\u00f3 que con ello, en lo que va de su administraci\u00f3n se han generado m\u00e1s de 2 millones 750 mil empleos formales, \u201cpara dimensionar esta cifra, es 2.6 veces mayor al la correspondiente al mismo periodo de la administraci\u00f3n anterior, y de hecho superior a lo que hay en los seis a\u00f1os completos de cualquier otra administraci\u00f3n\u201d.<\/p>\n<p>\u201cEstos logros son de ustedes, de los inversionistas, de los emprendedores, de los empresarios que ven en M\u00e9xico tierra f\u00e9rtil para el desarrollo de sus negocios.<\/p>\n<p>Gracias por seguir confiando en el desarrollo y seguir confiando en M\u00e9xico como destino donde crecer y donde realizar una historia de \u00e9xito\u201d, dijo a los ganadores del premio.<\/p>\n<p>\u201cEn M\u00e9xico y en los mexicanos existe el talento y la capacidad suficientes para lograr todo aquello que nos propongamos. De cara a un futuro sumamente prometedor, el papel de las empresas y organizaciones como la suyas ser\u00e1 fundamental.<\/p>\n<p>\u201cLes pido que sigan siendo embajadores de la gran calidad mexicana. Es el momento de seguir unidos y de seguir trabajando juntos en favor de M\u00e9xico\u201d, recalc\u00f3 el presidente Pe\u00f1a Nieto.<\/p>\n<p>Luego de entregar el premio en las categor\u00edas de empresa mediana; educaci\u00f3n b\u00e1sica; educaci\u00f3n media superior; turismo, empresa micro; turismo, empresa peque\u00f1a; energ\u00eda; innovaci\u00f3n organizacional; empresas sociales, y manufactura, enfatiz\u00f3 que el a\u00f1o empez\u00f3 con retos que se enfrentaron con la suma de esfuerzos.<\/p>\n<p>Record\u00f3 que en febrero pasado se relanz\u00f3 la marcha Hecho en M\u00e9xico, que \u201csignifica excelencia, es hacer bien las cosas\u201d, adem\u00e1s de que actualmente las empresas cuentan con m\u00e1s y mejores herramientas para lanzar su producto al mercado o iniciar su empresa.<\/p>\n<p>&nbsp;<\/p>\n","protected":false},"excerpt":{"rendered":"<p>En los \u00faltimos 18 meses de esta administraci\u00f3n se trabajar\u00e1 arduamente, pues es \u201cel tiempo ideal para consolidar el intenso trabajo que los mexicanos hemos hecho en estos poco m\u00e1s de cuatro a\u00f1os\u201d, afirm\u00f3 el presidente Enrique Pe\u00f1a Nieto.<\/p>\n","protected":false},"author":5,"featured_media":329709,"comment_status":"open","ping_status":"open","sticky":false,"template":"","format":"standard","meta":{"_monsterinsights_skip_tracking":false,"_monsterinsights_sitenote_active":false,"_monsterinsights_sitenote_note":"","_monsterinsights_sitenote_category":0,"footnotes":""},"categories":[3],"tags":[30667,18,43673,8961],"class_list":["post-329708","post","type-post","status-publish","format-standard","has-post-thumbnail","hentry","category-nacional","tag-enrique-de-la-madrid-cordero","tag-enrique-pena-nieto","tag-nacional","tag-trabajo"],"_links":{"self":[{"href":"https:\/\/www.diarioimagen.net\/index.php?rest_route=\/wp\/v2\/posts\/329708","targetHints":{"allow":["GET"]}}],"collection":[{"href":"https:\/\/www.diarioimagen.net\/index.php?rest_route=\/wp\/v2\/posts"}],"about":[{"href":"https:\/\/www.diarioimagen.net\/index.php?rest_route=\/wp\/v2\/types\/post"}],"author":[{"embeddable":true,"href":"https:\/\/www.diarioimagen.net\/index.php?rest_route=\/wp\/v2\/users\/5"}],"replies":[{"embeddable":true,"href":"https:\/\/www.diarioimagen.net\/index.php?rest_route=%2Fwp%2Fv2%2Fcomments&post=329708"}],"version-history":[{"count":0,"href":"https:\/\/www.diarioimagen.net\/index.php?rest_route=\/wp\/v2\/posts\/329708\/revisions"}],"wp:featuredmedia":[{"embeddable":true,"href":"https:\/\/www.diarioimagen.net\/index.php?rest_route=\/wp\/v2\/media\/329709"}],"wp:attachment":[{"href":"https:\/\/www.diarioimagen.net\/index.php?rest_route=%2Fwp%2Fv2%2Fmedia&parent=329708"}],"wp:term":[{"taxonomy":"category","embeddable":true,"href":"https:\/\/www.diarioimagen.net\/index.php?rest_route=%2Fwp%2Fv2%2Fcategories&post=329708"},{"taxonomy":"post_tag","embeddable":true,"href":"https:\/\/www.diarioimagen.net\/index.php?rest_route=%2Fwp%2Fv2%2Ftags&post=329708"}],"curies":[{"name":"wp","href":"https:\/\/api.w.org\/{rel}","templated":true}]}}