{"id":329806,"date":"2017-06-08T00:06:29","date_gmt":"2017-06-08T05:06:29","guid":{"rendered":"http:\/\/www.diarioimagen.net\/?p=329806"},"modified":"2017-06-09T00:15:55","modified_gmt":"2017-06-09T05:15:55","slug":"acuerdan-reforzar-proteccion-a-ecosistemas-marinos","status":"publish","type":"post","link":"https:\/\/www.diarioimagen.net\/?p=329806","title":{"rendered":"Acuerdan reforzar protecci\u00f3n a ecosistemas marinos"},"content":{"rendered":"<ul>\n<li><strong><em>Enrique Pe\u00f1a Nieto, Leonardo DiCaprio y Carlos Slim<\/em><\/strong><\/li>\n<\/ul>\n<p>&nbsp;<\/p>\n<div id=\"attachment_329869\" style=\"width: 470px\" class=\"wp-caption aligncenter\"><a href=\"http:\/\/www.diarioimagen.net\/?attachment_id=329869\" rel=\"attachment wp-att-329869\"><img loading=\"lazy\" decoding=\"async\" aria-describedby=\"caption-attachment-329869\" class=\"size-large wp-image-329869\" src=\"http:\/\/www.diarioimagen.net\/wp-content\/uploads\/2017\/06\/ECOSISTEMAS-3137-460x330.jpg\" alt=\"\" width=\"460\" height=\"330\" srcset=\"https:\/\/www.diarioimagen.net\/wp-content\/uploads\/2017\/06\/ECOSISTEMAS-3137-460x330.jpg 460w, https:\/\/www.diarioimagen.net\/wp-content\/uploads\/2017\/06\/ECOSISTEMAS-3137-240x172.jpg 240w, https:\/\/www.diarioimagen.net\/wp-content\/uploads\/2017\/06\/ECOSISTEMAS-3137-768x552.jpg 768w, https:\/\/www.diarioimagen.net\/wp-content\/uploads\/2017\/06\/ECOSISTEMAS-3137-90x65.jpg 90w, https:\/\/www.diarioimagen.net\/wp-content\/uploads\/2017\/06\/ECOSISTEMAS-3137.jpg 1200w\" sizes=\"auto, (max-width: 460px) 100vw, 460px\" \/><\/a><p id=\"caption-attachment-329869\" class=\"wp-caption-text\">Leonardo DiCaprio y Carlos Slim se reunieron ayer con el presidente Enrique Pe\u00f1a Nieto en la residencia oficial de Los Pinos.<\/p><\/div>\n<p>&nbsp;<\/p>\n<p>El presidente Enrique Pe\u00f1a Nieto y las fundaciones Leonardo DiCaprio y Carlos Slim firmaron un memor\u00e1ndum de entendimiento para incrementar los compromisos para proteger los ecosistemas marinos en el Golfo de California.<\/p>\n<p>El actor estadunidense y el empresario mexicano se reunieron ayer en la residencia oficial de Los Pinos con el mandatario federal e integrantes de su gabinete.<\/p>\n<p>Los acuerdos firmados entre el gobierno federal y las organizaciones no gubernamentales pretenden una colaboraci\u00f3n para asegurar la viabilidad de las aguas de esa regi\u00f3n que ha sufrido la sobre pesca, que ha llevado al borde de la extinci\u00f3n a la vaquita marina, especie de la cual existen menos de 30 ejemplares.<\/p>\n<p>Entre los puntos del memor\u00e1ndum se estableci\u00f3 hacer permanente la prohibici\u00f3n del uso de redes de enmalle en toda el \u00e1rea donde habita la vaquita marina en el Golfo de California.<\/p>\n<p>Asimismo, mejorar los esfuerzos para combatir el uso de redes ilegales e incrementar la persecuci\u00f3n de la pesca ilegal y de la caza furtiva de la totoaba.<\/p>\n<p>Definieron prohibir la pesca nocturna en el Alto Golfo de California y en la reserva de la vaquita, as\u00ed como implementar y restringir puntos de entrada y salida para la pesca en toda la regi\u00f3n a trav\u00e9s de inspectores certificados.<\/p>\n<p>En este encuentro, Pe\u00f1a Nieto afirm\u00f3 que M\u00e9xico entiende su responsabilidad como uno de los pa\u00edses con mayor diversidad, por lo que se ha implementado un esfuerzo hist\u00f3rico para evitar la extinci\u00f3n de esta especie \u00fanica en el mundo, y proteger los ecosistemas importantes como el Patrimonio de la Humanidad de Revillagigedo.<\/p>\n<p>Reiter\u00f3 su compromiso para cumplir el Acuerdo de Par\u00eds y trabajar con otras naciones para que hagan lo mismo, ante la vulnerabilidad por los efectos del cambio clim\u00e1tico.<\/p>\n<p>En su oportunidad, el actor Leonardo DiCaprio sostuvo que el presidente Pe\u00f1a Nieto \u201cha sido l\u00edder en la conservaci\u00f3n de ecosistemas para asegurar viabilidad futura de la vida marina en el golfo\u201d, que ha sido un paso cr\u00edtico para que esta zona siga siendo productiva y vibrante.<\/p>\n<p>&nbsp;<\/p>\n","protected":false},"excerpt":{"rendered":"<p>El presidente Enrique Pe\u00f1a Nieto y las fundaciones Leonardo DiCaprio y Carlos Slim firmaron un memor\u00e1ndum de entendimiento para incrementar los compromisos para proteger los ecosistemas marinos en el Golfo de California.<\/p>\n","protected":false},"author":3,"featured_media":329869,"comment_status":"open","ping_status":"open","sticky":false,"template":"","format":"standard","meta":{"_monsterinsights_skip_tracking":false,"_monsterinsights_sitenote_active":false,"_monsterinsights_sitenote_note":"","_monsterinsights_sitenote_category":0,"footnotes":""},"categories":[3],"tags":[974,18,4021,1546,43673,61536],"class_list":["post-329806","post","type-post","status-publish","format-standard","has-post-thumbnail","hentry","category-nacional","tag-carlos-slim-helu","tag-enrique-pena-nieto","tag-leonardo-dicaprio","tag-los-pinos","tag-nacional","tag-vaquita-marina"],"_links":{"self":[{"href":"https:\/\/www.diarioimagen.net\/index.php?rest_route=\/wp\/v2\/posts\/329806","targetHints":{"allow":["GET"]}}],"collection":[{"href":"https:\/\/www.diarioimagen.net\/index.php?rest_route=\/wp\/v2\/posts"}],"about":[{"href":"https:\/\/www.diarioimagen.net\/index.php?rest_route=\/wp\/v2\/types\/post"}],"author":[{"embeddable":true,"href":"https:\/\/www.diarioimagen.net\/index.php?rest_route=\/wp\/v2\/users\/3"}],"replies":[{"embeddable":true,"href":"https:\/\/www.diarioimagen.net\/index.php?rest_route=%2Fwp%2Fv2%2Fcomments&post=329806"}],"version-history":[{"count":0,"href":"https:\/\/www.diarioimagen.net\/index.php?rest_route=\/wp\/v2\/posts\/329806\/revisions"}],"wp:featuredmedia":[{"embeddable":true,"href":"https:\/\/www.diarioimagen.net\/index.php?rest_route=\/wp\/v2\/media\/329869"}],"wp:attachment":[{"href":"https:\/\/www.diarioimagen.net\/index.php?rest_route=%2Fwp%2Fv2%2Fmedia&parent=329806"}],"wp:term":[{"taxonomy":"category","embeddable":true,"href":"https:\/\/www.diarioimagen.net\/index.php?rest_route=%2Fwp%2Fv2%2Fcategories&post=329806"},{"taxonomy":"post_tag","embeddable":true,"href":"https:\/\/www.diarioimagen.net\/index.php?rest_route=%2Fwp%2Fv2%2Ftags&post=329806"}],"curies":[{"name":"wp","href":"https:\/\/api.w.org\/{rel}","templated":true}]}}