{"id":330028,"date":"2017-06-09T00:07:36","date_gmt":"2017-06-09T05:07:36","guid":{"rendered":"http:\/\/www.diarioimagen.net\/?p=330028"},"modified":"2017-06-09T02:04:35","modified_gmt":"2017-06-09T07:04:35","slug":"los-senderos-de-la-corrupcion","status":"publish","type":"post","link":"https:\/\/www.diarioimagen.net\/?p=330028","title":{"rendered":"Los senderos de la corrupci\u00f3n"},"content":{"rendered":"<h2>Detr\u00e1s del Poder<\/h2>\n<h5>Jos\u00e9 Antonio L\u00f3pez Sosa<\/h5>\n<p>&nbsp;<\/p>\n<p><strong>Washington, DC<\/strong>.- Mucho nos critican desde los Estados Unidos por los alt\u00edsimos niveles de corrupci\u00f3n que tenemos en M\u00e9xico y, tienen toda la raz\u00f3n, estamos al extremo.<\/p>\n<p>Ahora bien, la coyuntura que se vive con el presidente Trump demuestra que en los m\u00e1s altos niveles en este pa\u00eds tambi\u00e9n existe la corrupci\u00f3n, quiz\u00e1s no la impunidad que en M\u00e9xico y Am\u00e9rica Latina, pero corrupci\u00f3n s\u00ed.<\/p>\n<p>Se est\u00e1 demostrando que el presidente Trump pidi\u00f3 evitar una investigaci\u00f3n al entonces director del FBI, cosa que podr\u00eda costarle la presidencia misma.<\/p>\n<p>Hay alegatos en todos los sentidos pero lo \u00fanico que queda exhibido a nivel internacional es la ineptitud y abuso de un presidente en turno y, hasta d\u00f3nde puede llegar una persona con poder en los Estados Unidos.<\/p>\n<p>La historia est\u00e1 por escribirse desde aqu\u00ed, la capital de la Uni\u00f3n Americana.<\/p>\n<p style=\"text-align: center;\"><strong>Mancera por ac\u00e1<\/strong><\/p>\n<p>Con cualquier pretexto el jefe de Gobierno de la Ciudad de M\u00e9xico sale a hacer campa\u00f1a pol\u00edtica con nuestros recursos. Apenas estuvo en Washington, la pregunta es \u00bfpara qu\u00e9?, m\u00e1s all\u00e1 de querer promover su imagen como posible candidato presidencial mientras la capital del pa\u00eds cada d\u00eda est\u00e1 peor.<\/p>\n<p style=\"text-align: center;\"><strong>Alianzas a\u00e9reas<\/strong><\/p>\n<p>Aerom\u00e9xico y la aerol\u00ednea hind\u00fa Jet Airways anunciaron un convenio que fortalece las oportunidades entre pasajeros de M\u00e9xico a India y visceversa, por otro lado, a\u00fan se estudia la posibilidad de un\u00a0join venture\u00a0entre Interjet y Air Canada, precisamente para competirle a Aerom\u00e9xico.<\/p>\n<p style=\"text-align: center;\"><strong>Movimientos en el turismo<\/strong><\/p>\n<p>La empresa de Mauricio Gonz\u00e1lez, CCW, representa tur\u00edsticamente ya tanto a Alemania como a la ciudad de Vancouver, Canad\u00e1.<\/p>\n<p>Por otro lado, la empresa de Roberto Gaudelli se encargar\u00e1 de la publicidad del nuevo Aeropuerto Internacional de la Ciudad de M\u00e9xico. El estado de Texas abre su licitaci\u00f3n para tener representante tur\u00edstico en M\u00e9xico, la cuenta actualmente la tiene la empresa de Jorge Sales.<\/p>\n<p>Cambios y anuncios que marcan el ritmo de la industria.<\/p>\n<p><em><a href=\"http:\/\/www.lopezsosa.com\" target=\"_blank\" rel=\"noopener noreferrer\">www.lopezsosa.com<\/a><br \/>\n<a href=\"mailto:joseantonio@lopezsosa.com\" target=\"_blank\" rel=\"noopener noreferrer\">joseantonio@lopezsosa.com<\/a><br \/>\n<a href=\"http:\/\/twitter.com\/joseantonio1977\" target=\"_blank\" rel=\"noopener noreferrer\">@joseantonio1977<\/a><\/em><\/p>\n","protected":false},"excerpt":{"rendered":"<p><span style=\"color: #005497;\"><strong>Jos\u00e9 Antonio L\u00f3pez Sosa<\/strong><\/span><\/p>\n","protected":false},"author":3,"featured_media":0,"comment_status":"open","ping_status":"open","sticky":false,"template":"","format":"standard","meta":{"_monsterinsights_skip_tracking":false,"_monsterinsights_sitenote_active":false,"_monsterinsights_sitenote_note":"","_monsterinsights_sitenote_category":0,"footnotes":""},"categories":[637],"tags":[10999,638,43690,43674,336],"class_list":["post-330028","post","type-post","status-publish","format-standard","hentry","category-jose-antonio-lopez-sosa","tag-dc","tag-detras-del-poder","tag-jose-antonio-lopez-sosa","tag-opinion","tag-washington"],"_links":{"self":[{"href":"https:\/\/www.diarioimagen.net\/index.php?rest_route=\/wp\/v2\/posts\/330028","targetHints":{"allow":["GET"]}}],"collection":[{"href":"https:\/\/www.diarioimagen.net\/index.php?rest_route=\/wp\/v2\/posts"}],"about":[{"href":"https:\/\/www.diarioimagen.net\/index.php?rest_route=\/wp\/v2\/types\/post"}],"author":[{"embeddable":true,"href":"https:\/\/www.diarioimagen.net\/index.php?rest_route=\/wp\/v2\/users\/3"}],"replies":[{"embeddable":true,"href":"https:\/\/www.diarioimagen.net\/index.php?rest_route=%2Fwp%2Fv2%2Fcomments&post=330028"}],"version-history":[{"count":0,"href":"https:\/\/www.diarioimagen.net\/index.php?rest_route=\/wp\/v2\/posts\/330028\/revisions"}],"wp:attachment":[{"href":"https:\/\/www.diarioimagen.net\/index.php?rest_route=%2Fwp%2Fv2%2Fmedia&parent=330028"}],"wp:term":[{"taxonomy":"category","embeddable":true,"href":"https:\/\/www.diarioimagen.net\/index.php?rest_route=%2Fwp%2Fv2%2Fcategories&post=330028"},{"taxonomy":"post_tag","embeddable":true,"href":"https:\/\/www.diarioimagen.net\/index.php?rest_route=%2Fwp%2Fv2%2Ftags&post=330028"}],"curies":[{"name":"wp","href":"https:\/\/api.w.org\/{rel}","templated":true}]}}