{"id":330030,"date":"2017-06-09T00:08:37","date_gmt":"2017-06-09T05:08:37","guid":{"rendered":"http:\/\/www.diarioimagen.net\/?p=330030"},"modified":"2017-06-09T04:37:43","modified_gmt":"2017-06-09T09:37:43","slug":"un-verdadero-infierno","status":"publish","type":"post","link":"https:\/\/www.diarioimagen.net\/?p=330030","title":{"rendered":"Un verdadero infierno"},"content":{"rendered":"<h2>Punto por punto<\/h2>\n<h5>Augusto Corro<\/h5>\n<p>&nbsp;<\/p>\n<div id=\"attachment_330092\" style=\"width: 470px\" class=\"wp-caption aligncenter\"><a href=\"http:\/\/www.diarioimagen.net\/?attachment_id=330092\" rel=\"attachment wp-att-330092\"><img loading=\"lazy\" decoding=\"async\" aria-describedby=\"caption-attachment-330092\" class=\"size-large wp-image-330092\" src=\"http:\/\/www.diarioimagen.net\/wp-content\/uploads\/2017\/06\/EL-MIEDO-NO-ANDA-EN-BURRO-jose-luis-3138-460x442.jpg\" alt=\"\" width=\"460\" height=\"442\" srcset=\"https:\/\/www.diarioimagen.net\/wp-content\/uploads\/2017\/06\/EL-MIEDO-NO-ANDA-EN-BURRO-jose-luis-3138-460x442.jpg 460w, https:\/\/www.diarioimagen.net\/wp-content\/uploads\/2017\/06\/EL-MIEDO-NO-ANDA-EN-BURRO-jose-luis-3138-240x231.jpg 240w, https:\/\/www.diarioimagen.net\/wp-content\/uploads\/2017\/06\/EL-MIEDO-NO-ANDA-EN-BURRO-jose-luis-3138-768x739.jpg 768w, https:\/\/www.diarioimagen.net\/wp-content\/uploads\/2017\/06\/EL-MIEDO-NO-ANDA-EN-BURRO-jose-luis-3138.jpg 1200w\" sizes=\"auto, (max-width: 460px) 100vw, 460px\" \/><\/a><p id=\"caption-attachment-330092\" class=\"wp-caption-text\">El miedo no anda en burro&#8230; | Jos\u00e9 Luis<\/p><\/div>\n<p>&nbsp;<\/p>\n<p>Las c\u00e1rceles en M\u00e9xico son ejemplo de corrupci\u00f3n y violencia. Verdaderos nidos de la delincuencia, donde gobierna el m\u00e1s fuerte.<\/p>\n<p>De martes a mi\u00e9rcoles en el penal de Ciudad Victoria, Tamaulipas, polic\u00edas e internos se enfrentaron a balazos.<\/p>\n<p>Saldo: cuatro presos y tres uniformados muertos. Tambi\u00e9n resultaron lesionados seis representantes de la ley y siete reclusos.<\/p>\n<p>Todo empez\u00f3 cuando los polic\u00edas intentaron inspeccionar el interior del reclusorio. Los internos se molestaron y optaron por rechazar a la fuerza p\u00fablica, con diferentes armas, entre otras las siguientes: cuatro armas cortas de diferentes calibre con sus respectivos cargadores, dos AK-47, cuatro cargadores abastecidos con 90 cartuchos, 302 armas punzocortantes, una granada, as\u00ed como tres equipos de radiocomunicaci\u00f3n de alta frecuencia.<\/p>\n<p>Del arsenal decomisado se desprende que en el penal hay una total falta de vigilancia. Que los internos hacen lo que les viene en gana. \u00bfCu\u00e1l es el papel que juegan las autoridades del reclusorio?<\/p>\n<p>En algunos centros de reclusi\u00f3n ya se volvi\u00f3 un hecho com\u00fan que los presos vivan bajo un sistema de autogobierno, donde los directivos de la c\u00e1rcel se convierten, por amenazas o sobornos, en servidores de los internos.<\/p>\n<p>Un sinn\u00famero de factores negativos siempre est\u00e1n listos para estallar, como ocurri\u00f3 en el penal de Ciudad Victoria, reflejo de c\u00f3mo funcionan un sinn\u00famero de c\u00e1rceles en M\u00e9xico.<\/p>\n<p>Apenas en marzo, 29 internos se fugaron por un t\u00fanel de cinco metros de profundidad y 40 de largo. Los trabajos para la huida se hicieron en el \u00e1rea controlada por el \u201cautogobierno\u201d, donde ten\u00edan instalado un campamento, con cuartuchos de l\u00e1minas, que utilizaban para talleres. A la fecha, ya fueron recapturados 20 de los fugados.<\/p>\n<p>El 17 de abril, en una ri\u00f1a muri\u00f3 un reo y cuatro m\u00e1s resultaron heridos, entre ellos un custodio. Tambi\u00e9n fue necesaria la intervenci\u00f3n de la fuerza p\u00fablica para controlar la situaci\u00f3n.<\/p>\n<p>La violencia registrada en el penal de Ciudad Victoria tambi\u00e9n se da en otras c\u00e1rceles. En Nuevo Le\u00f3n, la prisi\u00f3n de Topo Chico se hizo famosa por la muerte de 49 internos, saldo de una lucha de bandas.<\/p>\n<p>Las historias cruentas de las prisiones se repiten y tras un hecho violento se espera otro m\u00e1s grave y as\u00ed hasta el infinito.<\/p>\n<p>\u00bfLas c\u00e1rceles mexicanas se encuentran abandonadas por las autoridades? Da la impresi\u00f3n que s\u00ed. Las tragedias que ocurren en ellas reflejan la poca atenci\u00f3n que le brindan las autoridades.<\/p>\n<p>\u00bfD\u00f3nde qued\u00f3 la rehabilitaci\u00f3n de los internos? Las prisiones tienen la etiqueta de funcionar como las verdaderas escuelas del crimen. Sitios donde la sobrepoblaci\u00f3n se encuentra revuelta. Coexisten delincuentes del fuero federal con el com\u00fan. En esos lugares todo se encuentra listo para que estalle la barbarie.<\/p>\n<p style=\"text-align: center;\"><strong>DIEGO NO EST\u00c1 DE ACUERDO<\/strong><\/p>\n<p>La ex primera dama, Margarita Zavala, esposa del ex presidente Felipe Calder\u00f3n, culp\u00f3 al l\u00edder de Acci\u00f3n Nacional, Ricardo Anaya, de la derrota que sufri\u00f3 su partido en las elecciones del Estado de M\u00e9xico (Edomex).<\/p>\n<p>Ante esa declaraci\u00f3n, \u201cEl Jefe\u201d Diego Fern\u00e1ndez de Cevallos, con reconocida autoridad\u00a0 en el PAN, dijo que no est\u00e1 de acuerdo con lo que pasa en esa organizaci\u00f3n pol\u00edtica.<\/p>\n<p>\u201cNo creo que se debe denostar al presidente del partido al que perteneces, respeto lo que cada quien hace, lamento la forma en que se ha expresado Margarita\u201d, se\u00f1al\u00f3 el panista.<\/p>\n<p>Tambi\u00e9n dijo que la declaraci\u00f3n de Margarita lastim\u00f3 a la instituci\u00f3n.<\/p>\n<p>La pugna entre Zavala de Calder\u00f3n y Anaya se agudiz\u00f3 en estos d\u00edas, una vez que concluyeron los comicios en cuatro estados. En el Edomex, la joya de la corona, el PAN cay\u00f3 al cuarto lugar de las preferencias electorales. De esta derrota se agarr\u00f3 la se\u00f1ora de Calder\u00f3n para atacar a su adversario pol\u00edtico.<\/p>\n<p>Margarita y Ricardo buscan la nominaci\u00f3n de su partido para competir como candidatos en las pr\u00f3ximas elecciones presidenciales. Ella tiene el apoyo de su marido, Felipe Calder\u00f3n Hinojosa, y de los cuates de \u00e9ste, que estuvieron en su gabinete pol\u00edtico.<\/p>\n<p>La aspirante a candidata se enfrenta a los panistas, encabezados por Ricardo Anaya, quienes la rechazan como lo demostraron cuando le negaron la candidatura a diputada federal. Otras manifestaciones en contra, llevaron a la se\u00f1ora De Calder\u00f3n a amenazar con irse del partido y participar en la contienda electoral como candidata independiente.<\/p>\n<p style=\"text-align: right;\"><em><strong>Feliz fin de semana.<\/strong><\/em><\/p>\n<p><em><a href=\"mailto:aco2742@hotmail.com\" target=\"_blank\" rel=\"noopener noreferrer\">aco2742@hotmail.com<\/a><\/em><\/p>\n","protected":false},"excerpt":{"rendered":"<p><span style=\"color: #005497;\"><strong>Augusto Corro<\/strong><\/span><br \/>\n<br \/>\nLas c\u00e1rceles en M\u00e9xico son ejemplo de corrupci\u00f3n y violencia. Verdaderos nidos de la delincuencia, donde gobierna el m\u00e1s fuerte.<\/p>\n","protected":false},"author":3,"featured_media":330092,"comment_status":"open","ping_status":"open","sticky":false,"template":"","format":"standard","meta":{"_monsterinsights_skip_tracking":false,"_monsterinsights_sitenote_active":false,"_monsterinsights_sitenote_note":"","_monsterinsights_sitenote_category":0,"footnotes":""},"categories":[157],"tags":[43686,43674,11515],"class_list":["post-330030","post","type-post","status-publish","format-standard","has-post-thumbnail","hentry","category-augusto-corro","tag-augusto-corro","tag-opinion","tag-punto-por-punto"],"_links":{"self":[{"href":"https:\/\/www.diarioimagen.net\/index.php?rest_route=\/wp\/v2\/posts\/330030","targetHints":{"allow":["GET"]}}],"collection":[{"href":"https:\/\/www.diarioimagen.net\/index.php?rest_route=\/wp\/v2\/posts"}],"about":[{"href":"https:\/\/www.diarioimagen.net\/index.php?rest_route=\/wp\/v2\/types\/post"}],"author":[{"embeddable":true,"href":"https:\/\/www.diarioimagen.net\/index.php?rest_route=\/wp\/v2\/users\/3"}],"replies":[{"embeddable":true,"href":"https:\/\/www.diarioimagen.net\/index.php?rest_route=%2Fwp%2Fv2%2Fcomments&post=330030"}],"version-history":[{"count":0,"href":"https:\/\/www.diarioimagen.net\/index.php?rest_route=\/wp\/v2\/posts\/330030\/revisions"}],"wp:featuredmedia":[{"embeddable":true,"href":"https:\/\/www.diarioimagen.net\/index.php?rest_route=\/wp\/v2\/media\/330092"}],"wp:attachment":[{"href":"https:\/\/www.diarioimagen.net\/index.php?rest_route=%2Fwp%2Fv2%2Fmedia&parent=330030"}],"wp:term":[{"taxonomy":"category","embeddable":true,"href":"https:\/\/www.diarioimagen.net\/index.php?rest_route=%2Fwp%2Fv2%2Fcategories&post=330030"},{"taxonomy":"post_tag","embeddable":true,"href":"https:\/\/www.diarioimagen.net\/index.php?rest_route=%2Fwp%2Fv2%2Ftags&post=330030"}],"curies":[{"name":"wp","href":"https:\/\/api.w.org\/{rel}","templated":true}]}}