{"id":330037,"date":"2017-06-09T00:11:19","date_gmt":"2017-06-09T05:11:19","guid":{"rendered":"http:\/\/www.diarioimagen.net\/?p=330037"},"modified":"2017-06-09T04:41:03","modified_gmt":"2017-06-09T09:41:03","slug":"margarita-se-lanza-por-la-libre","status":"publish","type":"post","link":"https:\/\/www.diarioimagen.net\/?p=330037","title":{"rendered":"Margarita se lanza por la libre"},"content":{"rendered":"<h2>Tras la puerta del poder<\/h2>\n<h5>Roberto Vizca\u00edno<\/h5>\n<p>&nbsp;<\/p>\n<div id=\"attachment_330098\" style=\"width: 470px\" class=\"wp-caption aligncenter\"><a href=\"http:\/\/www.diarioimagen.net\/?attachment_id=330098\" rel=\"attachment wp-att-330098\"><img loading=\"lazy\" decoding=\"async\" aria-describedby=\"caption-attachment-330098\" class=\"size-large wp-image-330098\" src=\"http:\/\/www.diarioimagen.net\/wp-content\/uploads\/2017\/06\/bueno-sera-LUIS-XAVIER-3138-460x366.jpg\" alt=\"\" width=\"460\" height=\"366\" srcset=\"https:\/\/www.diarioimagen.net\/wp-content\/uploads\/2017\/06\/bueno-sera-LUIS-XAVIER-3138-460x366.jpg 460w, https:\/\/www.diarioimagen.net\/wp-content\/uploads\/2017\/06\/bueno-sera-LUIS-XAVIER-3138-240x191.jpg 240w, https:\/\/www.diarioimagen.net\/wp-content\/uploads\/2017\/06\/bueno-sera-LUIS-XAVIER-3138-768x611.jpg 768w, https:\/\/www.diarioimagen.net\/wp-content\/uploads\/2017\/06\/bueno-sera-LUIS-XAVIER-3138.jpg 1200w\" sizes=\"auto, (max-width: 460px) 100vw, 460px\" \/><\/a><p id=\"caption-attachment-330098\" class=\"wp-caption-text\">Bueno ser\u00e1&#8230; | Luis Xavier<\/p><\/div>\n<p>&nbsp;<\/p>\n<p>Luego de asegurar que sus acciones no incurrir\u00e1n en actos anticipados de campa\u00f1a que pudieran invalidar su nominaci\u00f3n como candidata a la Presidencia de la Rep\u00fablica por el PAN\u2026 u otra fuerza pol\u00edtica, Margarita Zavala inici\u00f3 ayer su primer recorrido por M\u00e9xico que la llevar\u00e1 a visitar 45 grandes ciudades en apenas el siguiente mes.<\/p>\n<p>En un documento informativo de esta gira, se afirma que Margarita Zavala considera que \u201ces momento de apostar al futuro para dejar atr\u00e1s la incertidumbre, indignaci\u00f3n y terrible miedo que vive el pa\u00eds\u201d y por ello va a promocionar y explicar su proyecto denominado \u201cVoy por M\u00e9xico\u201d que m\u00e1s bien parece un slogan de campa\u00f1a electoral.<\/p>\n<p>Considera que el pa\u00eds vive una enorme crisis de confianza que s\u00f3lo es posible combatir con un cambio de mentalidad y actitud, a trav\u00e9s de escuchar a la gente y sirviendo con dignidad.<\/p>\n<p>La gira la realizar\u00e1 en un autob\u00fas a bordo del cual espera recorrer 18 mil kil\u00f3metros durante los siguientes 31 d\u00edas.<\/p>\n<p>Su primera etapa comprende los estados de Quer\u00e9taro, Guanajuato, San Luis Potos\u00ed, Zacatecas, Aguascalientes, Jalisco y Nayarit.<\/p>\n<p>Ah\u00ed tendr\u00e1 encuentros ya concertados con estudiantes, empresarios, asociaciones civiles y ciudadanos que se realizar\u00e0n en 48 oficinas regionales y locales de \u201cYo con M\u00e9xico\u201d, y reuniones con los miembros de la red de \u201cYo con M\u00e9xico\u201d, que cuenta con m\u00e1s de 150 mil afiliados.<\/p>\n<p>Todo ello, se dijo, estar\u00e1 soportado con un financiamiento privado debidamente registrado en su asociaci\u00f3n denominada Yo con M\u00e9xico.<\/p>\n<p>El caso es que, a pesar de que Margarita afirma que no es el inicio de su campa\u00f1a presidencial, todo sugiere que eso es.<\/p>\n<p><strong>Yo la apoyo<\/strong><\/p>\n<p>Margarita no est\u00e1 sola dentro del PAN. En sus acciones para buscar la candidatura de su partido la apoya, entre otros, la diputada federal panista Cecilia Romero, quiz\u00e1 la pol\u00edtica blanquiazul con mayor tradici\u00f3n dentro de su partido.<\/p>\n<p>Ex presidenta nacional, ex secretaria general en varias ocasiones, una de ellas al lado del hist\u00f3rico Luis H. \u00c1lvarez en tiempos del proceso de 1988, la diputada Romero rechaza que Margarita Zavala pudiera irse del PAN.<\/p>\n<p>\u201cNo, de ninguna manera lo dicho, ni jam\u00e1s lo har\u00e1; lo ha expresado con toda claridad.<\/p>\n<p>\u201cA ver, la suya no fue ninguna amenaza, fue una expresi\u00f3n. Ciertamente puede ser criticada por el tiempo y la forma, pero es una expresi\u00f3n que dentro del PAN no es algo nuevo. No hay ning\u00fan problema\u201d.<\/p>\n<p>\u2014\u00bfEs tiempo de destapes en el PAN?, se le pregunta.<\/p>\n<p>\u201c\u2026 los destapes no los hacemos en el PAN, son de otros partidos y espero que de otras \u00e9pocas\u2026 lo que urge es tomar decisiones sobre el 18 al interior del partido, eso por supuesto que s\u00ed\u201d, responde.<\/p>\n<p>\u2014\u00bfApoyar\u00eda a Margarita?<\/p>\n<p>\u201cYo he dicho muchas veces que urge marcar una ruta dentro del PAN para que (apegados a los estatutos) se determine el procedimiento de elecci\u00f3n de nuestro candidato o candidata a la Presidencia de la Rep\u00fablica. Eso lo reitero y lo ratifico y, por supuesto, lo apoyo.<\/p>\n<p>\u2014\u00bfSimpatiza con Margarita?, se le insiste. \u201cNo tengo problema en decir que simpatizo con Margarita Zavala\u2026 pero primero est\u00e1 mi institucionalidad, mi respeto al presidente del partido\u2026 pero, reitero, es urgente determinar qui\u00e9n ser\u00e1 nuestra candidata o candidato a la Presidencia de la Rep\u00fablica\u201d.<\/p>\n<p>\u2014\u00bfEs viable una alianza con el PRD para el 2018?, se le pregunta.<\/p>\n<p>\u201cEs fundamental. Las elecciones del domingo ratificaron este asunto. Desde luego que es factible y vale la pena revisar esta posibilidad, sin tomar una definici\u00f3n total. Tiene que ser producto de un an\u00e1lisis cuidadoso\u201d, dice.<\/p>\n<p>En cuanto a la revisi\u00f3n de las elecciones del domingo, comenta.<\/p>\n<p>\u201cEn el proceso de revisi\u00f3n electoral en el Estado de M\u00e9xico han surgido importantes alteraciones en el PREP que dicen se debieron a algoritmos o esas cosas, pero el caso es que los errores se repiten absolutamente en todas partes\u201d.<\/p>\n<p>Por ello pide que todos los paquetes sean incluso abiertos a fin de terminar con las suspicacias.<\/p>\n<p>El proceso no ha concluido, dice, y por ello debe limpiarse.<\/p>\n<p>\u201cEl proceso electoral del 18 est\u00e1 en la puerta\u2026 y lo que est\u00e1 en entredicho es el avance democr\u00e1tico de M\u00e9xico.<\/p>\n<p>\u201cSi en el Estado de M\u00e9xico se tiene que anular la elecci\u00f3n, que se anule. Si se tienen que abrir los paquetes que se abran. Eso tiene que ser exhaustivo.<\/p>\n<p>\u201cEn Coahuila es otra situaci\u00f3n. La violaci\u00f3n de paquetes electorales y desaparici\u00f3n de juntas distritales, es un caso mayor. Cada proceso tiene que resolverse en su propio espacio\u201d, indica.<\/p>\n<p>As\u00ed mientras la diputada Romero dec\u00eda lo anterior, en Coahuila se informaba que el conteo al 100% de los votos daba como ganador al pri\u00edsta Miguel \u00c1ngel Riquelme con 482 mil 891 votos equivalente al 38.9%; mientras que el panista Guillermo Anaya obten\u00eda 452 mil 31 votos, que representa el 36.4%, lo que deja una diferencia de 2.5% o por 30 mil 860 votos. Eso se da con una participaci\u00f3n de 61.3%<\/p>\n<p style=\"text-align: center;\"><strong>\u00a1Ganamos!<\/strong><\/p>\n<p>Una vez emitidos los resultados, Enrique Ochoa Reza, presidente nacional del PRI (quien se localiza en Saltillo desde el domingo pasado), contabilizadas las actas la autoridad electoral dio certeza jur\u00eddica al proceso electoral del domingo.<\/p>\n<p>Ya s\u00f3lo esperar\u00e1n a que el domingo la misma autoridad expida y entregue la constancia de ganador al candidato del PRI Miguel \u00c1ngel Riquelme.<\/p>\n<p>Ochoa Reza agradeci\u00f3 a los miles de ciudadanos que presidieron y condujeron en las casillas el proceso el domingo pasado, y a quienes contaron actas y votos en las juntas electorales pese a las presiones de PAN y Morena.<\/p>\n<p>\u201cSepan todos que entendemos muy bien la gran responsabilidad que la ciudadan\u00eda nos ha confiado con su voto.Tengan la seguridad de que Miguel \u00c1ngel Riquelme gobernar\u00e1 de manera responsable, honesta y eficaz para todas y todos los coahuilenses\u201d.<\/p>\n<p>Al referirse al retiro de los representantes del PAN del conteo electoral, el dirigente tricolor calific\u00f3 de irresponsable esa decisi\u00f3n que sin embargo no alter\u00f3 en nada el resultado, porque a diferencia de los azulillos, en las juntas se quedaron los representantes de los dem\u00e1s partidos: del PRI, PVEM, Panal, PES, PRD y PT.<\/p>\n<p>\u201cEl d\u00eda de ayer el PAN huy\u00f3 de la realidad de manera irresponsable. La doble moral de los Anaya qued\u00f3 en evidencia ante Coahuila y ante todo M\u00e9xico\u201d, subray\u00f3.<\/p>\n<p>Record\u00f3 que los panistas dijeron que ten\u00edan todas las actas y que en las urnas hab\u00eda m\u00e1s votos para ellos, \u201cpero cuando lleg\u00f3 el momento de demostrarlo, prefirieron evadir la realidad y abandonaron los Consejos\u2026 decidieron que era mejor sabotear las elecciones, al peor estilo de L\u00f3pez Obrador\u201d, subray\u00f3..<\/p>\n<p>Al hacerlo, agreg\u00f3, \u201clos Anaya se han instalado en la \u201cteor\u00eda del complot\u201d, lastimando a la democracia y dando la espalda a los ciudadanos que organizaron y que participaron con su voto en la elecci\u00f3n, con una participaci\u00f3n superior al 61 por ciento\u201d, concluy\u00f3.<\/p>\n<p style=\"text-align: center;\"><strong>Finalmente expulsado<\/strong><\/p>\n<p>En fast-track, la Comisi\u00f3n Nacional de Justicia Partidariam del PRI que preside Fernando El\u00edas Calles expuls\u00f3 ayer al ex gobernador de Quintana Roo, Roberto Borge, quien fue detenido a fines de la semana pasada en Panam\u00e1.<\/p>\n<p>Borge desprestigi\u00f3 y caus\u00f3 severo da\u00f1o a la imagen del partido, dijeron para justificar su expulsi\u00f3n.<\/p>\n<p><em><a href=\"mailto:rvizcainoa@gmail.com\" target=\"_blank\" rel=\"noopener noreferrer\">rvizcainoa@gmail.com<\/a><\/em><br \/>\n<em><a href=\"http:\/\/www.endirecto.com.mx\/\" target=\"_blank\" rel=\"noopener noreferrer\">www.endirecto.com.mx<\/a><\/em><br \/>\n<em><a href=\"https:\/\/twitter.com\/_rvizcaino\" target=\"_blank\" rel=\"noopener noreferrer\">@_RVizcaino<\/a><\/em><br \/>\n<a href=\"https:\/\/www.facebook.com\/rvizcainoa\" target=\"_blank\" rel=\"noopener noreferrer\">f<em>acebook.com\/rvizcainoa<\/em><\/a><\/p>\n","protected":false},"excerpt":{"rendered":"<p><span style=\"color: #005497;\"><strong>Roberto Vizca\u00edno<\/strong><\/span><br \/>\n<br \/>\nLuego de asegurar que sus acciones no incurrir\u00e1n en actos anticipados de campa\u00f1a que pudieran invalidar su nominaci\u00f3n como candidata a la Presidencia de la Rep\u00fablica por el PAN\u2026 u otra fuerza pol\u00edtica, Margarita Zavala inici\u00f3 ayer su primer recorrido por M\u00e9xico que la llevar\u00e1 a visitar 45 grandes ciudades en apenas el siguiente mes.<\/p>\n","protected":false},"author":3,"featured_media":330098,"comment_status":"open","ping_status":"open","sticky":false,"template":"","format":"standard","meta":{"_monsterinsights_skip_tracking":false,"_monsterinsights_sitenote_active":false,"_monsterinsights_sitenote_note":"","_monsterinsights_sitenote_category":0,"footnotes":""},"categories":[136],"tags":[43674,93,94],"class_list":["post-330037","post","type-post","status-publish","format-standard","has-post-thumbnail","hentry","category-roberto-vizcaino-opinion","tag-opinion","tag-roberto-vizcaino","tag-tras-la-puerta-del-poder"],"_links":{"self":[{"href":"https:\/\/www.diarioimagen.net\/index.php?rest_route=\/wp\/v2\/posts\/330037","targetHints":{"allow":["GET"]}}],"collection":[{"href":"https:\/\/www.diarioimagen.net\/index.php?rest_route=\/wp\/v2\/posts"}],"about":[{"href":"https:\/\/www.diarioimagen.net\/index.php?rest_route=\/wp\/v2\/types\/post"}],"author":[{"embeddable":true,"href":"https:\/\/www.diarioimagen.net\/index.php?rest_route=\/wp\/v2\/users\/3"}],"replies":[{"embeddable":true,"href":"https:\/\/www.diarioimagen.net\/index.php?rest_route=%2Fwp%2Fv2%2Fcomments&post=330037"}],"version-history":[{"count":0,"href":"https:\/\/www.diarioimagen.net\/index.php?rest_route=\/wp\/v2\/posts\/330037\/revisions"}],"wp:featuredmedia":[{"embeddable":true,"href":"https:\/\/www.diarioimagen.net\/index.php?rest_route=\/wp\/v2\/media\/330098"}],"wp:attachment":[{"href":"https:\/\/www.diarioimagen.net\/index.php?rest_route=%2Fwp%2Fv2%2Fmedia&parent=330037"}],"wp:term":[{"taxonomy":"category","embeddable":true,"href":"https:\/\/www.diarioimagen.net\/index.php?rest_route=%2Fwp%2Fv2%2Fcategories&post=330037"},{"taxonomy":"post_tag","embeddable":true,"href":"https:\/\/www.diarioimagen.net\/index.php?rest_route=%2Fwp%2Fv2%2Ftags&post=330037"}],"curies":[{"name":"wp","href":"https:\/\/api.w.org\/{rel}","templated":true}]}}