{"id":330154,"date":"2017-06-12T00:10:50","date_gmt":"2017-06-12T05:10:50","guid":{"rendered":"http:\/\/www.diarioimagen.net\/?p=330154"},"modified":"2017-06-12T01:54:44","modified_gmt":"2017-06-12T06:54:44","slug":"capacitan-relampagos-a-personal-de-la-sedena","status":"publish","type":"post","link":"https:\/\/www.diarioimagen.net\/?p=330154","title":{"rendered":"Capacitan \u201cRel\u00e1mpagos\u201d a personal de la Sedena"},"content":{"rendered":"<ul>\n<li><strong><em>Para mejorar la coordinaci\u00f3n en servicios de emergencia<\/em><\/strong><\/li>\n<\/ul>\n<p>&nbsp;<\/p>\n<p><a href=\"http:\/\/www.diarioimagen.net\/wp-content\/uploads\/2017\/06\/relampagos-3139.jpg\"><img loading=\"lazy\" decoding=\"async\" class=\"aligncenter size-large wp-image-330241\" src=\"http:\/\/www.diarioimagen.net\/wp-content\/uploads\/2017\/06\/relampagos-3139-460x259.jpg\" alt=\"\" width=\"460\" height=\"259\" srcset=\"https:\/\/www.diarioimagen.net\/wp-content\/uploads\/2017\/06\/relampagos-3139-460x259.jpg 460w, https:\/\/www.diarioimagen.net\/wp-content\/uploads\/2017\/06\/relampagos-3139-240x135.jpg 240w, https:\/\/www.diarioimagen.net\/wp-content\/uploads\/2017\/06\/relampagos-3139-235x132.jpg 235w, https:\/\/www.diarioimagen.net\/wp-content\/uploads\/2017\/06\/relampagos-3139-202x114.jpg 202w, https:\/\/www.diarioimagen.net\/wp-content\/uploads\/2017\/06\/relampagos-3139-350x196.jpg 350w, https:\/\/www.diarioimagen.net\/wp-content\/uploads\/2017\/06\/relampagos-3139-220x123.jpg 220w, https:\/\/www.diarioimagen.net\/wp-content\/uploads\/2017\/06\/relampagos-3139-237x132.jpg 237w, https:\/\/www.diarioimagen.net\/wp-content\/uploads\/2017\/06\/relampagos-3139.jpg 480w\" sizes=\"auto, (max-width: 460px) 100vw, 460px\" \/><\/a><\/p>\n<p>&nbsp;<\/p>\n<p><strong>Toluca, Estado de M\u00e9xico<\/strong>.- Con el objetivo de mejorar la coordinaci\u00f3n y el apoyo durante los servicios de emergencia, elementos de la Unidad de Rescate A\u00e9reo Rel\u00e1mpagos del Gobierno del Estado de M\u00e9xico impartieron el curso-taller de Medidas Integrales de Seguridad en Evacuaci\u00f3n Aereom\u00e9dica (MISEA), a personal de la Secretar\u00eda de la Defensa Nacional (Sedena).<\/p>\n<p>El capit\u00e1n Salvador de Alba, jefe de Grupo Rel\u00e1mpagos, coment\u00f3 que el objetivo principal de esta capacitaci\u00f3n fue mejorar la coordinaci\u00f3n en los apoyos aerom\u00e9dicos y de rescate a\u00e9reo que se brindan a los elementos militares para una oportuna atenci\u00f3n.<\/p>\n<p>Detall\u00f3 que la capacitaci\u00f3n se desarroll\u00f3 en las instalaciones militares ubicadas en el municipio de Santa Mar\u00eda Ray\u00f3n, donde personal de sanidad del Hospital Militar de la 22\/a. zona, recibi\u00f3 capacitaci\u00f3n en temas de seguridad operacional, criterios m\u00e9dicos para pacientes aerotransportados, evacuaci\u00f3n aerom\u00e9dica, as\u00ed como protocolos de medicina a\u00e9rea y de activaci\u00f3n del sistema de ambulancia a\u00e9rea.<\/p>\n<p>El curso tuvo una duraci\u00f3n de ocho horas, durante las cuales, m\u00e9dicos, enfermeras y oficiales de sanidad del Ej\u00e9rcito Mexicano interactuaron con pilotos y param\u00e9dicos de la unidad del Gobierno del Estado de M\u00e9xico, as\u00ed como con la aeronave de Rescate 1 del Grupo Rel\u00e1mpagos.<\/p>\n","protected":false},"excerpt":{"rendered":"<p>Con el objetivo de mejorar la coordinaci\u00f3n y el apoyo durante los servicios de emergencia, elementos de la Unidad de Rescate A\u00e9reo Rel\u00e1mpagos del Gobierno del Estado de M\u00e9xico impartieron el curso-taller de Medidas Integrales de Seguridad en Evacuaci\u00f3n Aereom\u00e9dica (MISEA), a personal de la Secretar\u00eda de la Defensa Nacional (Sedena).<\/p>\n","protected":false},"author":3,"featured_media":330241,"comment_status":"open","ping_status":"open","sticky":false,"template":"","format":"standard","meta":{"_monsterinsights_skip_tracking":false,"_monsterinsights_sitenote_active":false,"_monsterinsights_sitenote_note":"","_monsterinsights_sitenote_category":0,"footnotes":""},"categories":[5],"tags":[43675,55821,3353,452],"class_list":["post-330154","post","type-post","status-publish","format-standard","has-post-thumbnail","hentry","category-estado-de-mexico","tag-estado-de-mexico","tag-grupo-relampagos","tag-sedena","tag-toluca"],"_links":{"self":[{"href":"https:\/\/www.diarioimagen.net\/index.php?rest_route=\/wp\/v2\/posts\/330154","targetHints":{"allow":["GET"]}}],"collection":[{"href":"https:\/\/www.diarioimagen.net\/index.php?rest_route=\/wp\/v2\/posts"}],"about":[{"href":"https:\/\/www.diarioimagen.net\/index.php?rest_route=\/wp\/v2\/types\/post"}],"author":[{"embeddable":true,"href":"https:\/\/www.diarioimagen.net\/index.php?rest_route=\/wp\/v2\/users\/3"}],"replies":[{"embeddable":true,"href":"https:\/\/www.diarioimagen.net\/index.php?rest_route=%2Fwp%2Fv2%2Fcomments&post=330154"}],"version-history":[{"count":0,"href":"https:\/\/www.diarioimagen.net\/index.php?rest_route=\/wp\/v2\/posts\/330154\/revisions"}],"wp:featuredmedia":[{"embeddable":true,"href":"https:\/\/www.diarioimagen.net\/index.php?rest_route=\/wp\/v2\/media\/330241"}],"wp:attachment":[{"href":"https:\/\/www.diarioimagen.net\/index.php?rest_route=%2Fwp%2Fv2%2Fmedia&parent=330154"}],"wp:term":[{"taxonomy":"category","embeddable":true,"href":"https:\/\/www.diarioimagen.net\/index.php?rest_route=%2Fwp%2Fv2%2Fcategories&post=330154"},{"taxonomy":"post_tag","embeddable":true,"href":"https:\/\/www.diarioimagen.net\/index.php?rest_route=%2Fwp%2Fv2%2Ftags&post=330154"}],"curies":[{"name":"wp","href":"https:\/\/api.w.org\/{rel}","templated":true}]}}