{"id":330310,"date":"2017-06-13T00:14:50","date_gmt":"2017-06-13T05:14:50","guid":{"rendered":"http:\/\/www.diarioimagen.net\/?p=330310"},"modified":"2017-06-12T23:48:46","modified_gmt":"2017-06-13T04:48:46","slug":"suman-6-militares-fallecidos-por-avalancha-de-lodo-en-guerrero","status":"publish","type":"post","link":"https:\/\/www.diarioimagen.net\/?p=330310","title":{"rendered":"Suman seis militares fallecidos por avalancha de lodo en Guerrero"},"content":{"rendered":"<ul>\n<li><em><strong>A\u00fan hay dos militares desaparecidos <\/strong><\/em><\/li>\n<\/ul>\n<p>&nbsp;<\/p>\n<div id=\"attachment_330311\" style=\"width: 470px\" class=\"wp-caption aligncenter\"><img loading=\"lazy\" decoding=\"async\" aria-describedby=\"caption-attachment-330311\" class=\"size-large wp-image-330311\" src=\"http:\/\/www.diarioimagen.net\/wp-content\/uploads\/2017\/06\/MILITARES13-portal-460x268.jpg\" alt=\"\" width=\"460\" height=\"268\" srcset=\"https:\/\/www.diarioimagen.net\/wp-content\/uploads\/2017\/06\/MILITARES13-portal-460x268.jpg 460w, https:\/\/www.diarioimagen.net\/wp-content\/uploads\/2017\/06\/MILITARES13-portal-240x140.jpg 240w, https:\/\/www.diarioimagen.net\/wp-content\/uploads\/2017\/06\/MILITARES13-portal.jpg 480w\" sizes=\"auto, (max-width: 460px) 100vw, 460px\" \/><p id=\"caption-attachment-330311\" class=\"wp-caption-text\">La Sedena emplea tropas, helic\u00f3pteros y binomios especialistas para la localizaci\u00f3n de cuerpos.<\/p><\/div>\n<p>&nbsp;<\/p>\n<p>Fueron localizados cuatro de los seis cuerpos de militares desaparecidos, luego de ser arrastrados el pasado fin de semana por una avalancha de lodo en San Miguel Totolapan, Guerrero, con lo que suman seis los elementos castrenses fallecidos.<\/p>\n<p>En un comunicado, la Secretar\u00eda de la Defensa Nacional (Sedena) inform\u00f3 que luego de los lamentables hechos registrados el 10 junio en una elevaci\u00f3n cercana a la comunidad \u201cEl Carrizal\u201d, se tienen dos militares desaparecidos y uno herido, quien se encuentra en el Hospital Militar de Chilpancingo.<\/p>\n<p>Al externar sus m\u00e1s sentidas condolencias a los familiares de quienes lamentablemente perdieron la vida, ratific\u00f3 su voluntad de seguir con la b\u00fasqueda hasta la recuperaci\u00f3n de los militares que no han sido localizados.<\/p>\n<p>Ello, mediante el empleo de tropas, helic\u00f3pteros y binomios especialistas en la localizaci\u00f3n de cuerpos.<\/p>\n<p>\u00abLos integrantes del Ej\u00e9rcito y Fuerza A\u00e9rea Mexicanos, externamos nuestras condolencias a los familiares de nuestros compa\u00f1eros de armas, quienes lamentablemente fallecieron en el cumplimiento de su deber\u00bb, destac\u00f3 la Sedena.<\/p>\n","protected":false},"excerpt":{"rendered":"<p>Fueron localizados cuatro de los seis cuerpos de militares desaparecidos, luego de ser arrastrados el pasado fin de semana por una avalancha de lodo en San Miguel Totolapan, Guerrero, con lo que suman seis los elementos castrenses fallecidos.<\/p>\n","protected":false},"author":5,"featured_media":330311,"comment_status":"open","ping_status":"open","sticky":false,"template":"","format":"standard","meta":{"_monsterinsights_skip_tracking":false,"_monsterinsights_sitenote_active":false,"_monsterinsights_sitenote_note":"","_monsterinsights_sitenote_category":0,"footnotes":""},"categories":[7],"tags":[3244,61604,43677,17520],"class_list":["post-330310","post","type-post","status-publish","format-standard","has-post-thumbnail","hentry","category-seguridad","tag-guerrero","tag-san-miguel-totolapan","tag-seguridad","tag-tragedia"],"_links":{"self":[{"href":"https:\/\/www.diarioimagen.net\/index.php?rest_route=\/wp\/v2\/posts\/330310","targetHints":{"allow":["GET"]}}],"collection":[{"href":"https:\/\/www.diarioimagen.net\/index.php?rest_route=\/wp\/v2\/posts"}],"about":[{"href":"https:\/\/www.diarioimagen.net\/index.php?rest_route=\/wp\/v2\/types\/post"}],"author":[{"embeddable":true,"href":"https:\/\/www.diarioimagen.net\/index.php?rest_route=\/wp\/v2\/users\/5"}],"replies":[{"embeddable":true,"href":"https:\/\/www.diarioimagen.net\/index.php?rest_route=%2Fwp%2Fv2%2Fcomments&post=330310"}],"version-history":[{"count":0,"href":"https:\/\/www.diarioimagen.net\/index.php?rest_route=\/wp\/v2\/posts\/330310\/revisions"}],"wp:featuredmedia":[{"embeddable":true,"href":"https:\/\/www.diarioimagen.net\/index.php?rest_route=\/wp\/v2\/media\/330311"}],"wp:attachment":[{"href":"https:\/\/www.diarioimagen.net\/index.php?rest_route=%2Fwp%2Fv2%2Fmedia&parent=330310"}],"wp:term":[{"taxonomy":"category","embeddable":true,"href":"https:\/\/www.diarioimagen.net\/index.php?rest_route=%2Fwp%2Fv2%2Fcategories&post=330310"},{"taxonomy":"post_tag","embeddable":true,"href":"https:\/\/www.diarioimagen.net\/index.php?rest_route=%2Fwp%2Fv2%2Ftags&post=330310"}],"curies":[{"name":"wp","href":"https:\/\/api.w.org\/{rel}","templated":true}]}}