{"id":330316,"date":"2017-06-13T00:05:26","date_gmt":"2017-06-13T05:05:26","guid":{"rendered":"http:\/\/www.diarioimagen.net\/?p=330316"},"modified":"2017-06-13T00:05:46","modified_gmt":"2017-06-13T05:05:46","slug":"probosque-clausura-aserradero-clandestino-en-ocuilan","status":"publish","type":"post","link":"https:\/\/www.diarioimagen.net\/?p=330316","title":{"rendered":"Probosque clausura aserradero clandestino en Ocuilan"},"content":{"rendered":"<ul>\n<li><em><strong>Asegur\u00f3 m\u00e1s de 8 metros c\u00fabicos de madera aserrada<\/strong><\/em><\/li>\n<\/ul>\n<p>&nbsp;<\/p>\n<div id=\"attachment_330317\" style=\"width: 470px\" class=\"wp-caption aligncenter\"><img loading=\"lazy\" decoding=\"async\" aria-describedby=\"caption-attachment-330317\" class=\"size-large wp-image-330317\" src=\"http:\/\/www.diarioimagen.net\/wp-content\/uploads\/2017\/06\/PROBOSQUE13-portal-460x268.jpg\" alt=\"\" width=\"460\" height=\"268\" srcset=\"https:\/\/www.diarioimagen.net\/wp-content\/uploads\/2017\/06\/PROBOSQUE13-portal-460x268.jpg 460w, https:\/\/www.diarioimagen.net\/wp-content\/uploads\/2017\/06\/PROBOSQUE13-portal-240x140.jpg 240w, https:\/\/www.diarioimagen.net\/wp-content\/uploads\/2017\/06\/PROBOSQUE13-portal.jpg 480w\" sizes=\"auto, (max-width: 460px) 100vw, 460px\" \/><p id=\"caption-attachment-330317\" class=\"wp-caption-text\">Probosque desmantel\u00f3 y clausur\u00f3 un aserradero clandestino ubicado en los Bienes Comunales de San Juan Atzingo.<\/p><\/div>\n<p>&nbsp;<\/p>\n<p><strong>Ocuilan, Estado de M\u00e9xico<\/strong>. Durante un operativo en contra de la tala ilegal, la Protectora de Bosques del Estado de M\u00e9xico (Probosque) desmantel\u00f3 y clausur\u00f3 un aserradero clandestino ubicado en los Bienes Comunales de San Juan Atzingo, en donde asegur\u00f3 poco m\u00e1s de 8 metros c\u00fabicos de madera aserrada.<\/p>\n<p>Por lo que se confisc\u00f3 la madera proveniente de la tala de \u00e1rboles de oyamel de la reserva natural Corredor Biol\u00f3gico Chichinautzin, adem\u00e1s de tres m\u00e1quinas de aserr\u00edo, dos rieles, una camioneta de 4.5 toneladas y una camioneta pick-up.<\/p>\n<p>Tras llegar las fuerzas de seguridad a la comunidad de Santa Luc\u00eda, los presuntos responsables se dieron a la fuga intern\u00e1ndose en el bosque para evitar ser detenidos, por lo que no hubo personas aseguradas. As\u00ed que el material decomisado qued\u00f3 bajo resguardo de Probosque mediante el Acta No. PBI\/179\/17 en contra de quien o quienes resulten responsables por los delitos contra el medio ambiente.<\/p>\n<p>En lo que va de la presente administraci\u00f3n estatal, se han realizado 3 mil 156 operativos coordinados entre las diferentes instancias involucradas, dando como resultado la clausura de 180 aserraderos y 847 personas puestas a disposici\u00f3n de las autoridades.<\/p>\n","protected":false},"excerpt":{"rendered":"<p>Ocuilan, M\u00e9x. Durante un operativo en contra de la tala ilegal, la Protectora de Bosques del Estado de M\u00e9xico (Probosque) desmantel\u00f3 y clausur\u00f3 un aserradero clandestino ubicado en los Bienes Comunales de San Juan Atzingo, en donde asegur\u00f3 poco m\u00e1s de 8 metros c\u00fabicos de madera aserrada.<\/p>\n","protected":false},"author":5,"featured_media":330317,"comment_status":"open","ping_status":"open","sticky":false,"template":"","format":"standard","meta":{"_monsterinsights_skip_tracking":false,"_monsterinsights_sitenote_active":false,"_monsterinsights_sitenote_note":"","_monsterinsights_sitenote_category":0,"footnotes":""},"categories":[35155],"tags":[43675,47391,1113],"class_list":["post-330316","post","type-post","status-publish","format-standard","has-post-thumbnail","hentry","category-estado-de-mexico-estado-de-mexico","tag-estado-de-mexico","tag-ocuilan","tag-probosque"],"_links":{"self":[{"href":"https:\/\/www.diarioimagen.net\/index.php?rest_route=\/wp\/v2\/posts\/330316","targetHints":{"allow":["GET"]}}],"collection":[{"href":"https:\/\/www.diarioimagen.net\/index.php?rest_route=\/wp\/v2\/posts"}],"about":[{"href":"https:\/\/www.diarioimagen.net\/index.php?rest_route=\/wp\/v2\/types\/post"}],"author":[{"embeddable":true,"href":"https:\/\/www.diarioimagen.net\/index.php?rest_route=\/wp\/v2\/users\/5"}],"replies":[{"embeddable":true,"href":"https:\/\/www.diarioimagen.net\/index.php?rest_route=%2Fwp%2Fv2%2Fcomments&post=330316"}],"version-history":[{"count":0,"href":"https:\/\/www.diarioimagen.net\/index.php?rest_route=\/wp\/v2\/posts\/330316\/revisions"}],"wp:featuredmedia":[{"embeddable":true,"href":"https:\/\/www.diarioimagen.net\/index.php?rest_route=\/wp\/v2\/media\/330317"}],"wp:attachment":[{"href":"https:\/\/www.diarioimagen.net\/index.php?rest_route=%2Fwp%2Fv2%2Fmedia&parent=330316"}],"wp:term":[{"taxonomy":"category","embeddable":true,"href":"https:\/\/www.diarioimagen.net\/index.php?rest_route=%2Fwp%2Fv2%2Fcategories&post=330316"},{"taxonomy":"post_tag","embeddable":true,"href":"https:\/\/www.diarioimagen.net\/index.php?rest_route=%2Fwp%2Fv2%2Ftags&post=330316"}],"curies":[{"name":"wp","href":"https:\/\/api.w.org\/{rel}","templated":true}]}}