{"id":330380,"date":"2017-06-13T00:07:48","date_gmt":"2017-06-13T05:07:48","guid":{"rendered":"http:\/\/www.diarioimagen.net\/?p=330380"},"modified":"2017-06-13T22:45:23","modified_gmt":"2017-06-14T03:45:23","slug":"mantiene-el-edomex-cero-casos-de-rubeola-desde-2012","status":"publish","type":"post","link":"https:\/\/www.diarioimagen.net\/?p=330380","title":{"rendered":"Mantiene el Edomex cero casos de rub\u00e9ola desde 2012"},"content":{"rendered":"<ul>\n<li><strong><em>Se aplicaron 1 mill\u00f3n 200 mil dosis bajo la supervisi\u00f3n de la OPS<\/em><\/strong><\/li>\n<\/ul>\n<p>&nbsp;<\/p>\n<div id=\"attachment_330455\" style=\"width: 470px\" class=\"wp-caption aligncenter\"><a href=\"http:\/\/www.diarioimagen.net\/?attachment_id=330455\" rel=\"attachment wp-att-330455\"><img loading=\"lazy\" decoding=\"async\" aria-describedby=\"caption-attachment-330455\" class=\"size-large wp-image-330455\" src=\"http:\/\/www.diarioimagen.net\/wp-content\/uploads\/2017\/06\/rubeola-3140-460x259.jpg\" alt=\"\" width=\"460\" height=\"259\" srcset=\"https:\/\/www.diarioimagen.net\/wp-content\/uploads\/2017\/06\/rubeola-3140-460x259.jpg 460w, https:\/\/www.diarioimagen.net\/wp-content\/uploads\/2017\/06\/rubeola-3140-240x135.jpg 240w, https:\/\/www.diarioimagen.net\/wp-content\/uploads\/2017\/06\/rubeola-3140-235x132.jpg 235w, https:\/\/www.diarioimagen.net\/wp-content\/uploads\/2017\/06\/rubeola-3140-202x114.jpg 202w, https:\/\/www.diarioimagen.net\/wp-content\/uploads\/2017\/06\/rubeola-3140-350x196.jpg 350w, https:\/\/www.diarioimagen.net\/wp-content\/uploads\/2017\/06\/rubeola-3140-220x123.jpg 220w, https:\/\/www.diarioimagen.net\/wp-content\/uploads\/2017\/06\/rubeola-3140-237x132.jpg 237w, https:\/\/www.diarioimagen.net\/wp-content\/uploads\/2017\/06\/rubeola-3140.jpg 480w\" sizes=\"auto, (max-width: 460px) 100vw, 460px\" \/><\/a><p id=\"caption-attachment-330455\" class=\"wp-caption-text\">El a\u00f1o pasado se super\u00f3 la meta programada de aplicaci\u00f3n de vacunas con 109.1%, que corresponde a m\u00e1s de 6.2 millones de dosis a ni\u00f1os.<\/p><\/div>\n<p>&nbsp;<\/p>\n<p><strong>Toluca, Estado de M\u00e9xico<\/strong>.- Como resultado de la aplicaci\u00f3n de vacunas a ni\u00f1os menores de 5 a\u00f1os, en el Estado de M\u00e9xico no se registran casos de rub\u00e9ola desde 2012, inform\u00f3 el secretario de Salud, C\u00e9sar G\u00f3mez Monge.<\/p>\n<p>El funcionario inform\u00f3 que en 2016 se super\u00f3 la meta programada de aplicaci\u00f3n de vacunas con 109.1%, que corresponde a m\u00e1s de 6.2 millones de dosis a ni\u00f1os, lo que permiti\u00f3 mantener en cero casos enfermedades como poliomielitis, sarampi\u00f3n, t\u00e9tanos neonatal, t\u00e9tanos no neonatal, difteria, tuberculosis men\u00edngea, haemophilus influenzae \u201cB\u201d y rub\u00e9ola.<\/p>\n<p>\u201cEn el caso de la rub\u00e9ola es un logro de esta administraci\u00f3n y resultado de las acciones de Salud federal, gracias a las campa\u00f1as de vacunaci\u00f3n universal permanente y de reforzamiento; en 2011 fue el \u00faltimo a\u00f1o de casos registrados en la entidad, con lo que llevamos 5 a\u00f1os sin esta enfermedad\u201d.<\/p>\n<p>G\u00f3mez Monge agreg\u00f3 que en 2016, la Organizaci\u00f3n Panamericana de la Salud (OPS) otorg\u00f3 un reconocimiento al sector salud mexiquense, luego de certificar la eficacia, homogeneidad y oportunidad en la aplicaci\u00f3n de la vacuna que mantiene el control de \u00e9ste padecimiento.<\/p>\n<p>El secretario de Salud agreg\u00f3 que se lleva a cabo una importante tarea de inmunizaci\u00f3n a trav\u00e9s de las tres Semanas Nacionales de Salud que se efect\u00faan cada a\u00f1o y las acciones permanentes que tienen como objetivo completar el esquema de vacunaci\u00f3n.<\/p>\n<p>La vacuna Triple Viral\u00a0 previene contra el sarampi\u00f3n, rub\u00e9ola y parotiditis, y la\u00a0 Doble Viral contra el sarampi\u00f3n y la rub\u00e9ola; de la primera se deben aplicar dos dosis: a los 12\u00a0 meses de edad y la segunda a los 6 a\u00f1os y la segunda se aplica una dosis a los 10 a\u00f1os si la ni\u00f1a o ni\u00f1o no recibi\u00f3 la segunda dosis de Triple Viral, y dos dosis si la ni\u00f1a o ni\u00f1o no recibi\u00f3 dosis previa, mismas que se deben tomar con intervalo de cuatro semanas entre cada una.<\/p>\n<p>La rub\u00e9ola es una infecci\u00f3n viral aguda y contagiosa, y aunque por lo general es leve en los ni\u00f1os, tiene consecuencias graves en las embarazadas, porque puede causar muerte fetal o s\u00edndrome de rub\u00e9ola cong\u00e9nita que puede provocar defectos de audici\u00f3n, oculares y card\u00edacos, as\u00ed como otros trastornos permanentes como autismo, diabetes mellitus y disfunci\u00f3n tiroidea.<\/p>\n<p>&nbsp;<\/p>\n","protected":false},"excerpt":{"rendered":"<p>Como resultado de la aplicaci\u00f3n de vacunas a ni\u00f1os menores de 5 a\u00f1os, en el Estado de M\u00e9xico no se registran casos de rub\u00e9ola desde 2012, inform\u00f3 el secretario de Salud, C\u00e9sar G\u00f3mez Monge.<\/p>\n","protected":false},"author":3,"featured_media":330455,"comment_status":"open","ping_status":"open","sticky":false,"template":"","format":"standard","meta":{"_monsterinsights_skip_tracking":false,"_monsterinsights_sitenote_active":false,"_monsterinsights_sitenote_note":"","_monsterinsights_sitenote_category":0,"footnotes":""},"categories":[5],"tags":[48610,43675,452],"class_list":["post-330380","post","type-post","status-publish","format-standard","has-post-thumbnail","hentry","category-estado-de-mexico","tag-casos","tag-estado-de-mexico","tag-toluca"],"_links":{"self":[{"href":"https:\/\/www.diarioimagen.net\/index.php?rest_route=\/wp\/v2\/posts\/330380","targetHints":{"allow":["GET"]}}],"collection":[{"href":"https:\/\/www.diarioimagen.net\/index.php?rest_route=\/wp\/v2\/posts"}],"about":[{"href":"https:\/\/www.diarioimagen.net\/index.php?rest_route=\/wp\/v2\/types\/post"}],"author":[{"embeddable":true,"href":"https:\/\/www.diarioimagen.net\/index.php?rest_route=\/wp\/v2\/users\/3"}],"replies":[{"embeddable":true,"href":"https:\/\/www.diarioimagen.net\/index.php?rest_route=%2Fwp%2Fv2%2Fcomments&post=330380"}],"version-history":[{"count":0,"href":"https:\/\/www.diarioimagen.net\/index.php?rest_route=\/wp\/v2\/posts\/330380\/revisions"}],"wp:featuredmedia":[{"embeddable":true,"href":"https:\/\/www.diarioimagen.net\/index.php?rest_route=\/wp\/v2\/media\/330455"}],"wp:attachment":[{"href":"https:\/\/www.diarioimagen.net\/index.php?rest_route=%2Fwp%2Fv2%2Fmedia&parent=330380"}],"wp:term":[{"taxonomy":"category","embeddable":true,"href":"https:\/\/www.diarioimagen.net\/index.php?rest_route=%2Fwp%2Fv2%2Fcategories&post=330380"},{"taxonomy":"post_tag","embeddable":true,"href":"https:\/\/www.diarioimagen.net\/index.php?rest_route=%2Fwp%2Fv2%2Ftags&post=330380"}],"curies":[{"name":"wp","href":"https:\/\/api.w.org\/{rel}","templated":true}]}}