{"id":330398,"date":"2017-06-13T00:07:12","date_gmt":"2017-06-13T05:07:12","guid":{"rendered":"http:\/\/www.diarioimagen.net\/?p=330398"},"modified":"2017-06-13T00:48:36","modified_gmt":"2017-06-13T05:48:36","slug":"del-mazo-recuperara-la-confianza-de-mexiquenses-afirma-david-parra","status":"publish","type":"post","link":"https:\/\/www.diarioimagen.net\/?p=330398","title":{"rendered":"Del Mazo recuperar\u00e1 la confianza de mexiquenses, afirma David Parra"},"content":{"rendered":"<ul>\n<li><strong><em>\u201cEl triunfo del pri\u00edsta es irreverseible\u201d<\/em><\/strong><\/li>\n<\/ul>\n<p>&nbsp;<\/p>\n<div id=\"attachment_330465\" style=\"width: 470px\" class=\"wp-caption aligncenter\"><a href=\"http:\/\/www.diarioimagen.net\/?attachment_id=330465\" rel=\"attachment wp-att-330465\"><img loading=\"lazy\" decoding=\"async\" aria-describedby=\"caption-attachment-330465\" class=\"size-large wp-image-330465\" src=\"http:\/\/www.diarioimagen.net\/wp-content\/uploads\/2017\/06\/NAUCALPAN-3140-460x259.jpg\" alt=\"\" width=\"460\" height=\"259\" srcset=\"https:\/\/www.diarioimagen.net\/wp-content\/uploads\/2017\/06\/NAUCALPAN-3140-460x259.jpg 460w, https:\/\/www.diarioimagen.net\/wp-content\/uploads\/2017\/06\/NAUCALPAN-3140-240x135.jpg 240w, https:\/\/www.diarioimagen.net\/wp-content\/uploads\/2017\/06\/NAUCALPAN-3140-235x132.jpg 235w, https:\/\/www.diarioimagen.net\/wp-content\/uploads\/2017\/06\/NAUCALPAN-3140-202x114.jpg 202w, https:\/\/www.diarioimagen.net\/wp-content\/uploads\/2017\/06\/NAUCALPAN-3140-350x196.jpg 350w, https:\/\/www.diarioimagen.net\/wp-content\/uploads\/2017\/06\/NAUCALPAN-3140-220x123.jpg 220w, https:\/\/www.diarioimagen.net\/wp-content\/uploads\/2017\/06\/NAUCALPAN-3140-237x132.jpg 237w, https:\/\/www.diarioimagen.net\/wp-content\/uploads\/2017\/06\/NAUCALPAN-3140.jpg 480w\" sizes=\"auto, (max-width: 460px) 100vw, 460px\" \/><\/a><p id=\"caption-attachment-330465\" class=\"wp-caption-text\">El l\u00edder social, David Parra S\u00e1nchez, destac\u00f3 que el triunfo de Alfredo Del Mazo es irreversible, luego de que el IEEM ratific\u00f3 su triunfo.<\/p><\/div>\n<p>&nbsp;<\/p>\n<p><strong>Naucalpan, Estado de M\u00e9xico<\/strong>.- Sin duda que el proceso electoral del pasado 4 de junio fue muy re\u00f1ido; sin embargo, gan\u00f3 quien ten\u00eda que ganar. Alfredo Del Mazo, hoy tendr\u00e1 que recuperar la confianza de los mexiquenses y para ello conformar\u00e1 el mejor equipo de gobierno con gente capaz y honesta para lograrlo.<\/p>\n<p>Asegur\u00f3 en entrevista, el l\u00edder social David Parra S\u00e1nchez, tras destacar que el triunfo de Alfredo Del Mazo\u00a0 es irreversible luego de que el Instituto Electoral del estado de M\u00e9xico (IEEM) ratific\u00f3 que Del Mazo obtuvo 33.69 por ciento frente a la candidata del Partido del Movimiento de Regeneraci\u00f3n Nacional (Morena), Delfina G\u00f3mez que acumul\u00f3 un 30.91 por ciento de los votos. Parra S\u00e1nchez, destac\u00f3 que \u201ceste es el momento de trabajar en equipo con el \u00fanico fin de construir la entidad que todos queremos\u201d.<\/p>\n<p>El pol\u00edtico mexiquense, asegur\u00f3 que en el proyecto de gobierno de Alfredo Del Mazo,\u00a0 cabr\u00e1n\u00a0 todos los que quieren seguridad, empleo, educaci\u00f3n, mejor futuro para sus familias y mejor calidad de vida para hombres y mujeres de la ciudad y el campo, as\u00ed como padres de familia que luchan por su hijos\u201d.<\/p>\n<p>El tambi\u00e9n l\u00edder moral del Sindicato \u00danico de Trabajadores del Estado y sus Municipios (SUTEyM) puntualiz\u00f3 que a partir de la toma de protesta de Alfredo Del Mazo como gobernador del Estado de M\u00e9xico, \u201cse empezar\u00e1 a escribir la mejor historia del Estado de M\u00e9xico y del pa\u00eds. Alfredo del Mazo mantendr\u00e1 un gobierno firme que trabaje por la gente y los que menos tienen\u201d.<\/p>\n<p>Por otra parte, David Parra reconoci\u00f3 que la complejidad de la entidad requiere un l\u00edder capaz, como lo es Del Mazo Maza y sin duda ya como pr\u00f3ximo gobernador del Estado de M\u00e9xico, promover\u00e1 a la entidad, impulsar\u00e1 la inversi\u00f3n y la generaci\u00f3n de empleos que\u00a0 aseguren el bienestar de los 17 millones de mexiquenses.<\/p>\n<p>Asegur\u00f3 que la grandeza que ha alcanzado el Estado de M\u00e9xico nadie la puede parar y con el triunfo electoral de Alfredo Del Mazo, la entidad saldr\u00e1 adelante y de la mano de sectores y la sociedad habr\u00e1 de ofrecer soluciones tangibles a las familias mexiquenses.<\/p>\n<p>Finalmente, David Parra S\u00e1nchez, insisti\u00f3 en se\u00f1alar que el inminente gobernador del Estado de M\u00e9xico, contar\u00e1 con los hombres y mujeres m\u00e1s capaces para refrendar su compromiso de convertir a la entidad mexiquense como una de las mejores en todo el pa\u00eds.<\/p>\n<p>&nbsp;<\/p>\n","protected":false},"excerpt":{"rendered":"<p>Sin duda que el proceso electoral del pasado 4 de junio fue muy re\u00f1ido; sin embargo, gan\u00f3 quien ten\u00eda que ganar. Alfredo Del Mazo, hoy tendr\u00e1 que recuperar la confianza de los mexiquenses y para ello conformar\u00e1 el mejor equipo de gobierno con gente capaz y honesta para lograrlo.<\/p>\n","protected":false},"author":3,"featured_media":330465,"comment_status":"open","ping_status":"open","sticky":false,"template":"","format":"standard","meta":{"_monsterinsights_skip_tracking":false,"_monsterinsights_sitenote_active":false,"_monsterinsights_sitenote_note":"","_monsterinsights_sitenote_category":0,"footnotes":""},"categories":[35155],"tags":[2505,29035,43675,970],"class_list":["post-330398","post","type-post","status-publish","format-standard","has-post-thumbnail","hentry","category-estado-de-mexico-estado-de-mexico","tag-alfredo-del-mazo-maza","tag-david-parra-sanchez","tag-estado-de-mexico","tag-naucalpan"],"_links":{"self":[{"href":"https:\/\/www.diarioimagen.net\/index.php?rest_route=\/wp\/v2\/posts\/330398","targetHints":{"allow":["GET"]}}],"collection":[{"href":"https:\/\/www.diarioimagen.net\/index.php?rest_route=\/wp\/v2\/posts"}],"about":[{"href":"https:\/\/www.diarioimagen.net\/index.php?rest_route=\/wp\/v2\/types\/post"}],"author":[{"embeddable":true,"href":"https:\/\/www.diarioimagen.net\/index.php?rest_route=\/wp\/v2\/users\/3"}],"replies":[{"embeddable":true,"href":"https:\/\/www.diarioimagen.net\/index.php?rest_route=%2Fwp%2Fv2%2Fcomments&post=330398"}],"version-history":[{"count":0,"href":"https:\/\/www.diarioimagen.net\/index.php?rest_route=\/wp\/v2\/posts\/330398\/revisions"}],"wp:featuredmedia":[{"embeddable":true,"href":"https:\/\/www.diarioimagen.net\/index.php?rest_route=\/wp\/v2\/media\/330465"}],"wp:attachment":[{"href":"https:\/\/www.diarioimagen.net\/index.php?rest_route=%2Fwp%2Fv2%2Fmedia&parent=330398"}],"wp:term":[{"taxonomy":"category","embeddable":true,"href":"https:\/\/www.diarioimagen.net\/index.php?rest_route=%2Fwp%2Fv2%2Fcategories&post=330398"},{"taxonomy":"post_tag","embeddable":true,"href":"https:\/\/www.diarioimagen.net\/index.php?rest_route=%2Fwp%2Fv2%2Ftags&post=330398"}],"curies":[{"name":"wp","href":"https:\/\/api.w.org\/{rel}","templated":true}]}}