{"id":330538,"date":"2017-06-14T00:07:05","date_gmt":"2017-06-14T05:07:05","guid":{"rendered":"http:\/\/www.diarioimagen.net\/?p=330538"},"modified":"2017-06-15T00:23:03","modified_gmt":"2017-06-15T05:23:03","slug":"entrega-eruviel-avila-protesis-dentales-a-los-abuelitos","status":"publish","type":"post","link":"https:\/\/www.diarioimagen.net\/?p=330538","title":{"rendered":"Entregan pr\u00f3tesis dentales para los adultos mayores"},"content":{"rendered":"<ul>\n<li><strong><em>Se refuerza tambi\u00e9n su autoestima al brindarles una mejor est\u00e9tica dental<\/em><\/strong><\/li>\n<\/ul>\n<p>&nbsp;<\/p>\n<div id=\"attachment_330539\" style=\"width: 470px\" class=\"wp-caption aligncenter\"><img loading=\"lazy\" decoding=\"async\" aria-describedby=\"caption-attachment-330539\" class=\"wp-image-330539 size-large\" src=\"http:\/\/www.diarioimagen.net\/wp-content\/uploads\/2017\/06\/ERUVIEL14-portal-460x268.jpg\" alt=\"\" width=\"460\" height=\"268\" srcset=\"https:\/\/www.diarioimagen.net\/wp-content\/uploads\/2017\/06\/ERUVIEL14-portal-460x268.jpg 460w, https:\/\/www.diarioimagen.net\/wp-content\/uploads\/2017\/06\/ERUVIEL14-portal-240x140.jpg 240w, https:\/\/www.diarioimagen.net\/wp-content\/uploads\/2017\/06\/ERUVIEL14-portal.jpg 480w\" sizes=\"auto, (max-width: 460px) 100vw, 460px\" \/><p id=\"caption-attachment-330539\" class=\"wp-caption-text\">Eruviel \u00c1vila Villegas inici\u00f3 la entrega gratuita de 500 pr\u00f3tesis dentales para adultos mayores.<\/p><\/div>\n<p>&nbsp;<\/p>\n<p><strong>Toluca, Estado de M\u00e9xico<\/strong>.- El gobernador Eruviel \u00c1vila Villegas inici\u00f3 la entrega gratuita de 500 pr\u00f3tesis dentales, principalmente para adultos mayores, quienes por alguna enfermedad o por sufrir alg\u00fan accidente perdieron sus dientes, por lo que con una nueva dentadura regresa la confianza y fortalece la autoestima de los abuelitos, y les permite tener una mejor digesti\u00f3n al poder masticar los alimentos debidamente.<\/p>\n<p>\u201cA ustedes les debemos mucho, por eso seguiremos trabajando en lo que nos toca, en lo que debemos hacer para alcanzar el mayor bienestar posible de todas y de todos ustedes; que sepan que les tengo gran cari\u00f1o, que les tengo gran aprecio, les comparto que mi abuelita que en paz descanse, mi abuelita Mar\u00eda se llamaba, creo que yo ten\u00eda un a\u00f1o de edad, no la recuerdo, pues entonces en ausencia de ella, perm\u00edtanme adoptarlos a ustedes como mis abuelitas, como mis abuelitos por favor\u201d, expres\u00f3 el gobernador del Edomex, luego de hacer entrega de las primeras cinco pr\u00f3tesis dentales de programa \u201cPara Comer Mejor\u201d.<\/p>\n<p>En el Sal\u00f3n del Pueblo de Palacio de Gobierno, Eruviel \u00c1vila indic\u00f3 que con la entrega de las pr\u00f3tesis, los beneficiarios tambi\u00e9n tendr\u00e1n un ahorro en su econom\u00eda, ya que un aparato de este tipo, en consultorios dentales particulares, llega a tener un costo de entre los 12 mil y 15 mil pesos.<\/p>\n<p>Explic\u00f3 que el contacto con las personas beneficiarias de este programa se dio principalmente a trav\u00e9s de las Cl\u00ednicas de Atenci\u00f3n Geri\u00e1trica que hay en la entidad, as\u00ed como en las jornadas de salud que se llevan a cabo en el Estado de M\u00e9xico.<\/p>\n<p>En este sentido, Eruviel \u00c1vila destac\u00f3 que una investigaci\u00f3n de la Universidad Nacional Aut\u00f3noma de M\u00e9xico (UNAM) indica que el 45 por ciento de las personas que requieren alguna pr\u00f3tesis dental tienen una edad promedio de 65 a\u00f1os, por lo que con este programa, denominado \u201cPara Comer Mejor\u201d, los abuelitos tendr\u00e1n mejor est\u00e9tica dental, se evitar\u00e1n deformaciones en la boca por desplazamientos dentales y se mejorar\u00e1 su capacidad de masticar alimentos, generando una mejor digesti\u00f3n.<\/p>\n<p>&nbsp;<\/p>\n<p>&nbsp;<\/p>\n","protected":false},"excerpt":{"rendered":"<p>El gobernador Eruviel \u00c1vila Villegas inici\u00f3 la entrega gratuita de 500 pr\u00f3tesis dentales, principalmente para adultos mayores, quienes por alguna enfermedad o por sufrir alg\u00fan accidente, perdieron sus dientes, por lo que con una nueva dentadura regresa la confianza y fortalece la autoestima de los abuelitos, y les permite tener una mejor digesti\u00f3n al poder masticar los alimentos debidamente.<\/p>\n","protected":false},"author":5,"featured_media":330539,"comment_status":"open","ping_status":"open","sticky":false,"template":"","format":"standard","meta":{"_monsterinsights_skip_tracking":false,"_monsterinsights_sitenote_active":false,"_monsterinsights_sitenote_note":"","_monsterinsights_sitenote_category":0,"footnotes":""},"categories":[5],"tags":[53478,15930,5828,43675,452],"class_list":["post-330538","post","type-post","status-publish","format-standard","has-post-thumbnail","hentry","category-estado-de-mexico","tag-abuelitos","tag-adultos-mayores","tag-eruviel-avila-villegas","tag-estado-de-mexico","tag-toluca"],"_links":{"self":[{"href":"https:\/\/www.diarioimagen.net\/index.php?rest_route=\/wp\/v2\/posts\/330538","targetHints":{"allow":["GET"]}}],"collection":[{"href":"https:\/\/www.diarioimagen.net\/index.php?rest_route=\/wp\/v2\/posts"}],"about":[{"href":"https:\/\/www.diarioimagen.net\/index.php?rest_route=\/wp\/v2\/types\/post"}],"author":[{"embeddable":true,"href":"https:\/\/www.diarioimagen.net\/index.php?rest_route=\/wp\/v2\/users\/5"}],"replies":[{"embeddable":true,"href":"https:\/\/www.diarioimagen.net\/index.php?rest_route=%2Fwp%2Fv2%2Fcomments&post=330538"}],"version-history":[{"count":0,"href":"https:\/\/www.diarioimagen.net\/index.php?rest_route=\/wp\/v2\/posts\/330538\/revisions"}],"wp:featuredmedia":[{"embeddable":true,"href":"https:\/\/www.diarioimagen.net\/index.php?rest_route=\/wp\/v2\/media\/330539"}],"wp:attachment":[{"href":"https:\/\/www.diarioimagen.net\/index.php?rest_route=%2Fwp%2Fv2%2Fmedia&parent=330538"}],"wp:term":[{"taxonomy":"category","embeddable":true,"href":"https:\/\/www.diarioimagen.net\/index.php?rest_route=%2Fwp%2Fv2%2Fcategories&post=330538"},{"taxonomy":"post_tag","embeddable":true,"href":"https:\/\/www.diarioimagen.net\/index.php?rest_route=%2Fwp%2Fv2%2Ftags&post=330538"}],"curies":[{"name":"wp","href":"https:\/\/api.w.org\/{rel}","templated":true}]}}