{"id":330572,"date":"2017-06-14T00:05:40","date_gmt":"2017-06-14T05:05:40","guid":{"rendered":"http:\/\/www.diarioimagen.net\/?p=330572"},"modified":"2017-06-14T01:02:09","modified_gmt":"2017-06-14T06:02:09","slug":"el-hombre-que-vio-demasiado-cubrio-en-30-anos-desastres-policiacos","status":"publish","type":"post","link":"https:\/\/www.diarioimagen.net\/?p=330572","title":{"rendered":"\u201cEl hombre que vio demasiado\u201d cubri\u00f3 en 30 a\u00f1os desastres policiacos"},"content":{"rendered":"<ul>\n<li><em><strong>El documental que rinde homenaje al fotoperiodista mexicano Enrique Metinides, conocido como \u201cEl Ni\u00f1o\u201d, se exhibir\u00e1 en las salas cinematogr\u00e1ficas a partir del 16 de junio<\/strong><\/em><\/li>\n<\/ul>\n<h6>Asael Grande<\/h6>\n<p>&nbsp;<\/p>\n<div id=\"attachment_330573\" style=\"width: 430px\" class=\"wp-caption aligncenter\"><img loading=\"lazy\" decoding=\"async\" aria-describedby=\"caption-attachment-330573\" class=\"wp-image-330573\" src=\"http:\/\/www.diarioimagen.net\/wp-content\/uploads\/2017\/06\/fotografo-1-POORTAL-323x460.jpg\" alt=\"\" width=\"420\" height=\"598\" srcset=\"https:\/\/www.diarioimagen.net\/wp-content\/uploads\/2017\/06\/fotografo-1-POORTAL-323x460.jpg 323w, https:\/\/www.diarioimagen.net\/wp-content\/uploads\/2017\/06\/fotografo-1-POORTAL-169x240.jpg 169w, https:\/\/www.diarioimagen.net\/wp-content\/uploads\/2017\/06\/fotografo-1-POORTAL.jpg 700w\" sizes=\"auto, (max-width: 420px) 100vw, 420px\" \/><p id=\"caption-attachment-330573\" class=\"wp-caption-text\">\u201cEl hombre que vio demasiado\u201d trata de la fragilidad de un hombre obsesionado con fotografiar accidentes y que descubri\u00f3 que el destino de otros era su manera de conectarse con la vida.<\/p><\/div>\n<p>&nbsp;<\/p>\n<p>Dirigida por Trisha Ziff, producida por Alan Su\u00e1rez, el documental \u201cEl hombre que vio demasiado\u201d, misma que llegar\u00e1 este viernes 16 de junio a las pantallas gigantes, trata de la fragilidad de un hombre obsesionado con fotografiar accidentes y que descubri\u00f3 que el destino de otros era su manera de conectarse con la vida.<\/p>\n<p>\u00bfCu\u00e1ndo la imagen del accidente se vuelve el objeto del deseo? Siguiendo los pasos del fotoperiodista Enrique Metinides, y la obra de fot\u00f3grafos contempor\u00e1neos de nota roja, descubrimos a la Ciudad de M\u00e9xico en una narrativa de accidentes y escenas de crimen; somos mirones a trav\u00e9s de la mirada de Metinides.<\/p>\n<p>\u201cToda mi historia de adulto ha estado relacionada con la fotograf\u00eda, trabajo en un colectivo de fotoperiodistas en Inglaterra, yo estaba en una exhibici\u00f3n aqu\u00ed en M\u00e9xico, y vi en Londres el trabajo de Metinides, y la realidad de Metinides es muy conocida en los a\u00f1os 90 fuera de M\u00e9xico, despu\u00e9s tuve la oportunidad de trabajar con \u00e9l, primero en una exhibici\u00f3n por Francia, luego en Nueva York, y finalmente para trabajar en este proyecto, en esta pel\u00edcula, que no s\u00f3lo es un retrato de Metinides, es una pel\u00edcula que se puede ver en el contexto actual, es una continuaci\u00f3n del trabajo de Metinides, fue imposible para m\u00ed no incluir en la pel\u00edcula a los fot\u00f3grafos de hoy, para m\u00ed es representar una parte importante del fotoperiodismo, los fot\u00f3grafos son los testigos de la violencia, las fotos de Metinides son de la violencia de otra \u00e9poca, pero al mismo tiempo es imposible separar el trabajo de los fot\u00f3grafos actuales\u201d, dijo Trisha Ziff, en conferencia de prensa.<\/p>\n<p>Cuanto m\u00e1s tratamos de entenderlo y reconocer nuestra propia fascinaci\u00f3n irresistible con los accidentes, m\u00e1s nos damos cuenta que nosotros tambi\u00e9n estamos entrampados por la mirada de Metinides, cuya pasi\u00f3n por el cine mexicano y americano molde\u00f3 su manera de ver la vida.<\/p>\n<p>De ni\u00f1o faltaba a la escuela para ir al cine a tomar fotos de lo que se estrenaba en la pantalla. Luego sal\u00eda a la calle, buscando la realidad de lo que hab\u00eda visto en pantalla, siempre buscando el v\u00ednculo entre los dos mundos: \u201cMetinides es un hombre grande, tiene una vida llena de experiencia, tiene un cuerpo de trabajo fotogr\u00e1fico extraordinario que ha acumulado durante a\u00f1os, me pareci\u00f3 un personaje interesante para la pel\u00edcula, que es mucho m\u00e1s que su historia, \u00e9l es un puente para conocer lo que pasa hoy en cuanto a la fotograf\u00eda de la violencia en M\u00e9xico en la actualidad\u201d, agreg\u00f3 Trisha.<\/p>\n<p>En \u201cEl hombre que vio demasiado\u201d, seguimos los pasos de Metinides y la fotograf\u00eda de tabloide contempor\u00e1nea, descubrimos la Ciudad de M\u00e9xico, vista por la narrativa de accidentes y escenas de crimen. Estas capas de movimiento giran alrededor del tranquilo mundo dentro de la casa de Metinides, que se ha convertido en un almac\u00e9n de las memorias de su pasado: colecciones de fotograf\u00edas, colecciones de \u00e1lbumes de tragedias y desastres categorizadas, colecciones de camiones de bombero y ambulancias de juguete, de im\u00e1genes de la Virgen de Guadalupe y ranas que lo han protegido en los trabajos peligrosos.<\/p>\n<p>Con premios como el FICM: Premio Especial Ambulante, Premio Guerrero de la Prensa (Secci\u00f3n de Documental Mexicano), \u201cEl hombre que vio demasiado\u201d, llegar\u00e1 este viernes 16 de junio a las salas cinematogr\u00e1ficas de la Ciudad de M\u00e9xico.<\/p>\n<p>&nbsp;<\/p>\n<div id=\"attachment_330574\" style=\"width: 470px\" class=\"wp-caption aligncenter\"><img loading=\"lazy\" decoding=\"async\" aria-describedby=\"caption-attachment-330574\" class=\"size-large wp-image-330574\" src=\"http:\/\/www.diarioimagen.net\/wp-content\/uploads\/2017\/06\/fotografo-2-PORTAL-460x259.jpg\" alt=\"\" width=\"460\" height=\"259\" srcset=\"https:\/\/www.diarioimagen.net\/wp-content\/uploads\/2017\/06\/fotografo-2-PORTAL-460x259.jpg 460w, https:\/\/www.diarioimagen.net\/wp-content\/uploads\/2017\/06\/fotografo-2-PORTAL-240x135.jpg 240w, https:\/\/www.diarioimagen.net\/wp-content\/uploads\/2017\/06\/fotografo-2-PORTAL-480x270.jpg 480w, https:\/\/www.diarioimagen.net\/wp-content\/uploads\/2017\/06\/fotografo-2-PORTAL-235x132.jpg 235w, https:\/\/www.diarioimagen.net\/wp-content\/uploads\/2017\/06\/fotografo-2-PORTAL-202x114.jpg 202w, https:\/\/www.diarioimagen.net\/wp-content\/uploads\/2017\/06\/fotografo-2-PORTAL-350x196.jpg 350w, https:\/\/www.diarioimagen.net\/wp-content\/uploads\/2017\/06\/fotografo-2-PORTAL-220x123.jpg 220w, https:\/\/www.diarioimagen.net\/wp-content\/uploads\/2017\/06\/fotografo-2-PORTAL-237x132.jpg 237w, https:\/\/www.diarioimagen.net\/wp-content\/uploads\/2017\/06\/fotografo-2-PORTAL.jpg 700w\" sizes=\"auto, (max-width: 460px) 100vw, 460px\" \/><p id=\"caption-attachment-330574\" class=\"wp-caption-text\">\u00bfCu\u00e1ndo la imagen del accidente se vuelve el objeto del deseo? Siguiendo los pasos del fotoperiodista Enrique Metinides, y la obra de fot\u00f3grafos contempor\u00e1neos de nota roja, descubrimos a la Ciudad de M\u00e9xico en una narrativa de accidentes y escenas de crimen; somos mirones a trav\u00e9s de la mirada de Metinides.<\/p><\/div>\n<p>&nbsp;<\/p>\n<div id=\"attachment_330575\" style=\"width: 470px\" class=\"wp-caption aligncenter\"><img loading=\"lazy\" decoding=\"async\" aria-describedby=\"caption-attachment-330575\" class=\"size-large wp-image-330575\" src=\"http:\/\/www.diarioimagen.net\/wp-content\/uploads\/2017\/06\/fotografo-3-PORTAL-460x345.jpg\" alt=\"\" width=\"460\" height=\"345\" srcset=\"https:\/\/www.diarioimagen.net\/wp-content\/uploads\/2017\/06\/fotografo-3-PORTAL-460x345.jpg 460w, https:\/\/www.diarioimagen.net\/wp-content\/uploads\/2017\/06\/fotografo-3-PORTAL-240x180.jpg 240w, https:\/\/www.diarioimagen.net\/wp-content\/uploads\/2017\/06\/fotografo-3-PORTAL.jpg 700w\" sizes=\"auto, (max-width: 460px) 100vw, 460px\" \/><p id=\"caption-attachment-330575\" class=\"wp-caption-text\">En conferencia de prensa Isabel del R\u00edo (coproductora), Trisha Ziff (directora) y Ricardo Moya (periodista). <em>(Foto: Asael Grande).<\/em><\/p><\/div>\n","protected":false},"excerpt":{"rendered":"<p>Dirigida por Trisha Ziff, producida por Alan Su\u00e1rez, el documental \u201cEl hombre que vio demasiado\u201d, misma que llegar\u00e1 este viernes 16 de junio a las pantallas gigantes, trata de la fragilidad de un hombre obsesionado con fotografiar accidentes y que descubri\u00f3 que el destino de otros era su manera de conectarse con la vida.<\/p>\n","protected":false},"author":5,"featured_media":330576,"comment_status":"open","ping_status":"open","sticky":false,"template":"","format":"standard","meta":{"_monsterinsights_skip_tracking":false,"_monsterinsights_sitenote_active":false,"_monsterinsights_sitenote_note":"","_monsterinsights_sitenote_category":0,"footnotes":""},"categories":[12],"tags":[52064,33662,43682],"class_list":["post-330572","post","type-post","status-publish","format-standard","has-post-thumbnail","hentry","category-espectaculos","tag-30-anos","tag-el-nino","tag-espectaculos"],"_links":{"self":[{"href":"https:\/\/www.diarioimagen.net\/index.php?rest_route=\/wp\/v2\/posts\/330572","targetHints":{"allow":["GET"]}}],"collection":[{"href":"https:\/\/www.diarioimagen.net\/index.php?rest_route=\/wp\/v2\/posts"}],"about":[{"href":"https:\/\/www.diarioimagen.net\/index.php?rest_route=\/wp\/v2\/types\/post"}],"author":[{"embeddable":true,"href":"https:\/\/www.diarioimagen.net\/index.php?rest_route=\/wp\/v2\/users\/5"}],"replies":[{"embeddable":true,"href":"https:\/\/www.diarioimagen.net\/index.php?rest_route=%2Fwp%2Fv2%2Fcomments&post=330572"}],"version-history":[{"count":0,"href":"https:\/\/www.diarioimagen.net\/index.php?rest_route=\/wp\/v2\/posts\/330572\/revisions"}],"wp:featuredmedia":[{"embeddable":true,"href":"https:\/\/www.diarioimagen.net\/index.php?rest_route=\/wp\/v2\/media\/330576"}],"wp:attachment":[{"href":"https:\/\/www.diarioimagen.net\/index.php?rest_route=%2Fwp%2Fv2%2Fmedia&parent=330572"}],"wp:term":[{"taxonomy":"category","embeddable":true,"href":"https:\/\/www.diarioimagen.net\/index.php?rest_route=%2Fwp%2Fv2%2Fcategories&post=330572"},{"taxonomy":"post_tag","embeddable":true,"href":"https:\/\/www.diarioimagen.net\/index.php?rest_route=%2Fwp%2Fv2%2Ftags&post=330572"}],"curies":[{"name":"wp","href":"https:\/\/api.w.org\/{rel}","templated":true}]}}