{"id":330585,"date":"2017-06-14T00:11:39","date_gmt":"2017-06-14T05:11:39","guid":{"rendered":"http:\/\/www.diarioimagen.net\/?p=330585"},"modified":"2017-06-14T02:53:44","modified_gmt":"2017-06-14T07:53:44","slug":"remodela-issemym-clinica-lazaro-cardenas-en-metepec","status":"publish","type":"post","link":"https:\/\/www.diarioimagen.net\/?p=330585","title":{"rendered":"Remodela ISSEMyM Cl\u00ednica L\u00e1zaro C\u00e1rdenas en Metepec"},"content":{"rendered":"<ul>\n<li><strong><em>Trato digno y eficiente a los derechohabientes<\/em><\/strong><\/li>\n<\/ul>\n<p>&nbsp;<\/p>\n<p><a href=\"http:\/\/www.diarioimagen.net\/?attachment_id=330659\" rel=\"attachment wp-att-330659\"><img loading=\"lazy\" decoding=\"async\" class=\"aligncenter size-large wp-image-330659\" src=\"http:\/\/www.diarioimagen.net\/wp-content\/uploads\/2017\/06\/toluca-3141-460x259.jpg\" alt=\"\" width=\"460\" height=\"259\" srcset=\"https:\/\/www.diarioimagen.net\/wp-content\/uploads\/2017\/06\/toluca-3141-460x259.jpg 460w, https:\/\/www.diarioimagen.net\/wp-content\/uploads\/2017\/06\/toluca-3141-240x135.jpg 240w, https:\/\/www.diarioimagen.net\/wp-content\/uploads\/2017\/06\/toluca-3141-235x132.jpg 235w, https:\/\/www.diarioimagen.net\/wp-content\/uploads\/2017\/06\/toluca-3141-202x114.jpg 202w, https:\/\/www.diarioimagen.net\/wp-content\/uploads\/2017\/06\/toluca-3141-350x196.jpg 350w, https:\/\/www.diarioimagen.net\/wp-content\/uploads\/2017\/06\/toluca-3141-220x123.jpg 220w, https:\/\/www.diarioimagen.net\/wp-content\/uploads\/2017\/06\/toluca-3141-237x132.jpg 237w, https:\/\/www.diarioimagen.net\/wp-content\/uploads\/2017\/06\/toluca-3141.jpg 480w\" sizes=\"auto, (max-width: 460px) 100vw, 460px\" \/><\/a><\/p>\n<p>&nbsp;<\/p>\n<p><strong>Toluca, Estado de M\u00e9xico<\/strong>.- Con el objetivo de brindar un trato digno y eficiente a los derechohabientes, el Instituto de Seguridad Social del Estado de M\u00e9xico y Municipios (ISSEMyM) realiz\u00f3 la remodelaci\u00f3n de las instalaciones de los servicios m\u00e9dicos de la Cl\u00ednica de Consulta Externa L\u00e1zaro C\u00e1rdenas, ubicada en el municipio de Metepec.<\/p>\n<p>Jes\u00fas Fernando Angulo G\u00f3mez, director de esta cl\u00ednica, resalt\u00f3 la importancia de invertir en cl\u00ednicas de primer nivel de atenci\u00f3n, ya que ah\u00ed se da el primer contacto entre el m\u00e9dico y el paciente, relaci\u00f3n que resulta primordial para la prevenci\u00f3n e identificaci\u00f3n de afecciones en la salud.<\/p>\n<p>Detall\u00f3 que la remodelaci\u00f3n consisti\u00f3 en la construcci\u00f3n de 6 nuevos consultorios para brindar servicios de medicina general y odontolog\u00eda, donde se atender\u00e1n necesidades primarias como profilaxis, limpieza dental, amalgamas, extracciones o eliminaci\u00f3n de caries.<\/p>\n<p>Asimismo, puntualiz\u00f3 que se cuenta con una plantilla de 20 profesionales de la salud, que al mes brindan alrededor de 4 mil 700 atenciones m\u00e9dicas entre medicina general, pediatr\u00eda, nutrici\u00f3n y odontolog\u00eda, resolviendo las necesidades de los m\u00e1s de 16 mil derechohabientes que se atienden en esta cl\u00ednica.<\/p>\n<p>Indic\u00f3 que en el marco del 31 aniversario de la cl\u00ednica, personal m\u00e9dico del Instituto realiz\u00f3 una feria de salud, en la que se pusieron en funcionamiento los nuevos espacios remodelados, brindando al derechohabiente diferentes estudios de laboratorio, como el control de qu\u00edmica sangu\u00ednea y de hemoglobina glucosilada, ex\u00e1menes de sangre \u00fatiles para el control y seguimiento de diabetes y prediabetes.<\/p>\n","protected":false},"excerpt":{"rendered":"<p>Con el objetivo de brindar un trato digno y eficiente a los derechohabientes, el Instituto de Seguridad Social del Estado de M\u00e9xico y Municipios (ISSEMyM) realiz\u00f3 la remodelaci\u00f3n de las instalaciones de los servicios m\u00e9dicos de la Cl\u00ednica de Consulta Externa L\u00e1zaro C\u00e1rdenas, ubicada en el municipio de Metepec.<\/p>\n","protected":false},"author":3,"featured_media":330659,"comment_status":"open","ping_status":"open","sticky":false,"template":"","format":"standard","meta":{"_monsterinsights_skip_tracking":false,"_monsterinsights_sitenote_active":false,"_monsterinsights_sitenote_note":"","_monsterinsights_sitenote_category":0,"footnotes":""},"categories":[5],"tags":[43675,700,452],"class_list":["post-330585","post","type-post","status-publish","format-standard","has-post-thumbnail","hentry","category-estado-de-mexico","tag-estado-de-mexico","tag-instituto-de-seguridad-social-del-estado-de-mexico-y-municipios","tag-toluca"],"_links":{"self":[{"href":"https:\/\/www.diarioimagen.net\/index.php?rest_route=\/wp\/v2\/posts\/330585","targetHints":{"allow":["GET"]}}],"collection":[{"href":"https:\/\/www.diarioimagen.net\/index.php?rest_route=\/wp\/v2\/posts"}],"about":[{"href":"https:\/\/www.diarioimagen.net\/index.php?rest_route=\/wp\/v2\/types\/post"}],"author":[{"embeddable":true,"href":"https:\/\/www.diarioimagen.net\/index.php?rest_route=\/wp\/v2\/users\/3"}],"replies":[{"embeddable":true,"href":"https:\/\/www.diarioimagen.net\/index.php?rest_route=%2Fwp%2Fv2%2Fcomments&post=330585"}],"version-history":[{"count":0,"href":"https:\/\/www.diarioimagen.net\/index.php?rest_route=\/wp\/v2\/posts\/330585\/revisions"}],"wp:featuredmedia":[{"embeddable":true,"href":"https:\/\/www.diarioimagen.net\/index.php?rest_route=\/wp\/v2\/media\/330659"}],"wp:attachment":[{"href":"https:\/\/www.diarioimagen.net\/index.php?rest_route=%2Fwp%2Fv2%2Fmedia&parent=330585"}],"wp:term":[{"taxonomy":"category","embeddable":true,"href":"https:\/\/www.diarioimagen.net\/index.php?rest_route=%2Fwp%2Fv2%2Fcategories&post=330585"},{"taxonomy":"post_tag","embeddable":true,"href":"https:\/\/www.diarioimagen.net\/index.php?rest_route=%2Fwp%2Fv2%2Ftags&post=330585"}],"curies":[{"name":"wp","href":"https:\/\/api.w.org\/{rel}","templated":true}]}}