{"id":330590,"date":"2017-06-14T00:09:30","date_gmt":"2017-06-14T05:09:30","guid":{"rendered":"http:\/\/www.diarioimagen.net\/?p=330590"},"modified":"2017-06-14T02:51:04","modified_gmt":"2017-06-14T07:51:04","slug":"mejoraran-calidad-de-vida-de-los-abuelitos","status":"publish","type":"post","link":"https:\/\/www.diarioimagen.net\/?p=330590","title":{"rendered":"Mejorar\u00e1n calidad de vida de los abuelitos"},"content":{"rendered":"<h2>Arco Norte<\/h2>\n<h5>Jos\u00e9 Luis Monta\u00f1ez Aguilar<\/h5>\n<p>&nbsp;<\/p>\n<p>&nbsp;<\/p>\n<p><a href=\"http:\/\/www.diarioimagen.net\/?attachment_id=330747\" rel=\"attachment wp-att-330747\"><img loading=\"lazy\" decoding=\"async\" class=\"aligncenter size-large wp-image-330747\" src=\"http:\/\/www.diarioimagen.net\/wp-content\/uploads\/2017\/06\/eruviel-3141-460x309.jpg\" alt=\"\" width=\"460\" height=\"309\" srcset=\"https:\/\/www.diarioimagen.net\/wp-content\/uploads\/2017\/06\/eruviel-3141-460x309.jpg 460w, https:\/\/www.diarioimagen.net\/wp-content\/uploads\/2017\/06\/eruviel-3141-240x161.jpg 240w, https:\/\/www.diarioimagen.net\/wp-content\/uploads\/2017\/06\/eruviel-3141.jpg 700w\" sizes=\"auto, (max-width: 460px) 100vw, 460px\" \/><\/a><\/p>\n<p>&nbsp;<\/p>\n<p>El gobernador Eruviel \u00c1vila Villegas inici\u00f3 la entrega gratuita de 500 pr\u00f3tesis dentales, principalmente para adultos mayores, quienes por alguna enfermedad o por sufrir alg\u00fan accidente, perdieron sus dientes, por lo que con una nueva dentadura regresa la confianza y fortalece la autoestima de los abuelitos, y les permite tener una mejor digesti\u00f3n al poder masticar los alimentos debidamente.<\/p>\n<p>En el Sal\u00f3n del Pueblo de Palacio de Gobierno, Eruviel \u00c1vila indic\u00f3 que con la entrega de las pr\u00f3tesis los beneficiarios tambi\u00e9n tendr\u00e1n un ahorro en su econom\u00eda, pues en consultorios dentales particulares llega a tener un costo de entre 12 mil y 15 mil pesos, e invit\u00f3 a los adultos mayores interesados en este programa acudir a las Cl\u00ednicas de Atenci\u00f3n Geri\u00e1trica de la entidad, donde se les dar\u00e1 la atenci\u00f3n adecuada.<\/p>\n<p style=\"text-align: center;\"><strong>Suspenden Ruta 40 tras homicidio de una menor, en Nezahualc\u00f3yotl<\/strong><\/p>\n<p>El servicio de la Ruta 40 del transporte p\u00fablico en Nezahualc\u00f3yotl fue suspendido, tras el asesinato de una estudiante de 11 a\u00f1os la semana pasada.<\/p>\n<p>El alcalde urgi\u00f3 a revisar la situaci\u00f3n de todos los operadores de las unidades del transporte p\u00fablico, de modo que s\u00f3lo puedan obtener una concesi\u00f3n aquellos que realmente est\u00e9n preparados y cuenten con las condiciones m\u00e9dicas, psicol\u00f3gicas e incluso educativas.<\/p>\n<p>Se\u00f1al\u00f3 que a partir del 12 de junio, comenz\u00f3 el reforzamiento de medidas preventivas de seguridad en todo el municipio, con el objetivo de garantizar a los pasajeros que usan el transporte p\u00fablico y ciudadanos que caminan por las avenidas, un traslado seguro a sus destinos. Indic\u00f3 que una de las principales medidas aplicadas en Nezahualc\u00f3yotl, es el incremento de los operativos de seguridad en combis, camiones y microbuses en puntos aleatorios, adem\u00e1s de la instalaci\u00f3n permanentemente de filtros de seguridad y el acompa\u00f1amiento a usuarios en zonas con altos \u00edndices delictivos, a fin de evitar que en el transporte se viaje o se trasladen con armas o drogas.<\/p>\n<p><em><a href=\"mailto:montanezaguilar@gmail.com\" target=\"_blank\" rel=\"noopener noreferrer\">montanezaguilar@gmail.com<\/a><\/em><\/p>\n","protected":false},"excerpt":{"rendered":"<p><span style=\"color: #005497;\">Jos\u00e9 Luis Monta\u00f1ez Aguilar<\/span><br \/>\n<br \/>\nEl gobernador Eruviel \u00c1vila Villegas inici\u00f3 la entrega gratuita de 500 pr\u00f3tesis dentales, principalmente para adultos mayores, quienes por alguna enfermedad o por sufrir alg\u00fan accidente, perdieron sus dientes, por lo que con una nueva dentadura regresa la confianza y fortalece la autoestima de los abuelitos, y les permite tener una mejor digesti\u00f3n al poder masticar los alimentos debidamente.<\/p>\n","protected":false},"author":3,"featured_media":330747,"comment_status":"open","ping_status":"open","sticky":false,"template":"","format":"standard","meta":{"_monsterinsights_skip_tracking":false,"_monsterinsights_sitenote_active":false,"_monsterinsights_sitenote_note":"","_monsterinsights_sitenote_category":0,"footnotes":""},"categories":[35155],"tags":[13284,43704,43674],"class_list":["post-330590","post","type-post","status-publish","format-standard","has-post-thumbnail","hentry","category-estado-de-mexico-estado-de-mexico","tag-arco-norte","tag-jose-luis-montanez-aguilar","tag-opinion"],"_links":{"self":[{"href":"https:\/\/www.diarioimagen.net\/index.php?rest_route=\/wp\/v2\/posts\/330590","targetHints":{"allow":["GET"]}}],"collection":[{"href":"https:\/\/www.diarioimagen.net\/index.php?rest_route=\/wp\/v2\/posts"}],"about":[{"href":"https:\/\/www.diarioimagen.net\/index.php?rest_route=\/wp\/v2\/types\/post"}],"author":[{"embeddable":true,"href":"https:\/\/www.diarioimagen.net\/index.php?rest_route=\/wp\/v2\/users\/3"}],"replies":[{"embeddable":true,"href":"https:\/\/www.diarioimagen.net\/index.php?rest_route=%2Fwp%2Fv2%2Fcomments&post=330590"}],"version-history":[{"count":0,"href":"https:\/\/www.diarioimagen.net\/index.php?rest_route=\/wp\/v2\/posts\/330590\/revisions"}],"wp:featuredmedia":[{"embeddable":true,"href":"https:\/\/www.diarioimagen.net\/index.php?rest_route=\/wp\/v2\/media\/330747"}],"wp:attachment":[{"href":"https:\/\/www.diarioimagen.net\/index.php?rest_route=%2Fwp%2Fv2%2Fmedia&parent=330590"}],"wp:term":[{"taxonomy":"category","embeddable":true,"href":"https:\/\/www.diarioimagen.net\/index.php?rest_route=%2Fwp%2Fv2%2Fcategories&post=330590"},{"taxonomy":"post_tag","embeddable":true,"href":"https:\/\/www.diarioimagen.net\/index.php?rest_route=%2Fwp%2Fv2%2Ftags&post=330590"}],"curies":[{"name":"wp","href":"https:\/\/api.w.org\/{rel}","templated":true}]}}