{"id":330607,"date":"2017-06-14T00:08:21","date_gmt":"2017-06-14T05:08:21","guid":{"rendered":"http:\/\/www.diarioimagen.net\/?p=330607"},"modified":"2017-06-14T02:40:16","modified_gmt":"2017-06-14T07:40:16","slug":"impulso-uaem-reintroduccion-de-un-coyote-y-tres-aguilillas-en-parque-hermenegildo-galeana","status":"publish","type":"post","link":"https:\/\/www.diarioimagen.net\/?p=330607","title":{"rendered":"Impuls\u00f3 UAEM reintroducci\u00f3n de un coyote y tres aguilillas en parque \u201cHermenegildo Galeana\u201d"},"content":{"rendered":"<p><a href=\"http:\/\/www.diarioimagen.net\/?attachment_id=330670\" rel=\"attachment wp-att-330670\"><img loading=\"lazy\" decoding=\"async\" class=\"aligncenter size-large wp-image-330670\" src=\"http:\/\/www.diarioimagen.net\/wp-content\/uploads\/2017\/06\/UAEM-3141-460x259.jpg\" alt=\"\" width=\"460\" height=\"259\" srcset=\"https:\/\/www.diarioimagen.net\/wp-content\/uploads\/2017\/06\/UAEM-3141-460x259.jpg 460w, https:\/\/www.diarioimagen.net\/wp-content\/uploads\/2017\/06\/UAEM-3141-240x135.jpg 240w, https:\/\/www.diarioimagen.net\/wp-content\/uploads\/2017\/06\/UAEM-3141-235x132.jpg 235w, https:\/\/www.diarioimagen.net\/wp-content\/uploads\/2017\/06\/UAEM-3141-202x114.jpg 202w, https:\/\/www.diarioimagen.net\/wp-content\/uploads\/2017\/06\/UAEM-3141-350x196.jpg 350w, https:\/\/www.diarioimagen.net\/wp-content\/uploads\/2017\/06\/UAEM-3141-220x123.jpg 220w, https:\/\/www.diarioimagen.net\/wp-content\/uploads\/2017\/06\/UAEM-3141-237x132.jpg 237w, https:\/\/www.diarioimagen.net\/wp-content\/uploads\/2017\/06\/UAEM-3141.jpg 480w\" sizes=\"auto, (max-width: 460px) 100vw, 460px\" \/><\/a><\/p>\n<p>&nbsp;<\/p>\n<p>La Universidad Aut\u00f3noma del Estado de M\u00e9xico, a trav\u00e9s de la Facultad de Planeaci\u00f3n Urbana y Regional, en conjunto con la Secretar\u00eda del Medio Ambiente, mediante la Comisi\u00f3n Estatal de Parques Naturales y de la Fauna (CEPANAF) y la delegaci\u00f3n mexiquense de la Procuradur\u00eda Federal de Protecci\u00f3n al Ambiente (PROFEPA), llevaron a cabo acciones de reintroducci\u00f3n de especies en el parque \u201cHermenegildo Galeana\u201d, ubicado en el municipio de Tenancingo.<\/p>\n","protected":false},"excerpt":{"rendered":"<p>&nbsp; La Universidad Aut\u00f3noma del Estado de M\u00e9xico, a trav\u00e9s de la Facultad de Planeaci\u00f3n Urbana y Regional, en conjunto con la Secretar\u00eda del Medio Ambiente, mediante la Comisi\u00f3n Estatal de Parques Naturales y de la Fauna (CEPANAF) y la delegaci\u00f3n mexiquense de la Procuradur\u00eda Federal de Protecci\u00f3n al Ambiente (PROFEPA), llevaron a cabo acciones [&hellip;]<\/p>\n","protected":false},"author":3,"featured_media":330670,"comment_status":"open","ping_status":"open","sticky":false,"template":"","format":"standard","meta":{"_monsterinsights_skip_tracking":false,"_monsterinsights_sitenote_active":false,"_monsterinsights_sitenote_note":"","_monsterinsights_sitenote_category":0,"footnotes":""},"categories":[35155],"tags":[43675,1490],"class_list":["post-330607","post","type-post","status-publish","format-standard","has-post-thumbnail","hentry","category-estado-de-mexico-estado-de-mexico","tag-estado-de-mexico","tag-universidad-autonoma-del-estado-de-mexico"],"_links":{"self":[{"href":"https:\/\/www.diarioimagen.net\/index.php?rest_route=\/wp\/v2\/posts\/330607","targetHints":{"allow":["GET"]}}],"collection":[{"href":"https:\/\/www.diarioimagen.net\/index.php?rest_route=\/wp\/v2\/posts"}],"about":[{"href":"https:\/\/www.diarioimagen.net\/index.php?rest_route=\/wp\/v2\/types\/post"}],"author":[{"embeddable":true,"href":"https:\/\/www.diarioimagen.net\/index.php?rest_route=\/wp\/v2\/users\/3"}],"replies":[{"embeddable":true,"href":"https:\/\/www.diarioimagen.net\/index.php?rest_route=%2Fwp%2Fv2%2Fcomments&post=330607"}],"version-history":[{"count":0,"href":"https:\/\/www.diarioimagen.net\/index.php?rest_route=\/wp\/v2\/posts\/330607\/revisions"}],"wp:featuredmedia":[{"embeddable":true,"href":"https:\/\/www.diarioimagen.net\/index.php?rest_route=\/wp\/v2\/media\/330670"}],"wp:attachment":[{"href":"https:\/\/www.diarioimagen.net\/index.php?rest_route=%2Fwp%2Fv2%2Fmedia&parent=330607"}],"wp:term":[{"taxonomy":"category","embeddable":true,"href":"https:\/\/www.diarioimagen.net\/index.php?rest_route=%2Fwp%2Fv2%2Fcategories&post=330607"},{"taxonomy":"post_tag","embeddable":true,"href":"https:\/\/www.diarioimagen.net\/index.php?rest_route=%2Fwp%2Fv2%2Ftags&post=330607"}],"curies":[{"name":"wp","href":"https:\/\/api.w.org\/{rel}","templated":true}]}}