{"id":330629,"date":"2017-06-14T00:04:03","date_gmt":"2017-06-14T05:04:03","guid":{"rendered":"http:\/\/www.diarioimagen.net\/?p=330629"},"modified":"2017-06-14T02:03:57","modified_gmt":"2017-06-14T07:03:57","slug":"realiza-coacalco-nueva-megajornada-de-limpieza","status":"publish","type":"post","link":"https:\/\/www.diarioimagen.net\/?p=330629","title":{"rendered":"Realiza Coacalco nueva megajornada de limpieza"},"content":{"rendered":"<p><a href=\"http:\/\/www.diarioimagen.net\/?attachment_id=330702\" rel=\"attachment wp-att-330702\"><img loading=\"lazy\" decoding=\"async\" class=\"aligncenter size-large wp-image-330702\" src=\"http:\/\/www.diarioimagen.net\/wp-content\/uploads\/2017\/06\/COACALCO-3141-460x345.jpg\" alt=\"\" width=\"460\" height=\"345\" srcset=\"https:\/\/www.diarioimagen.net\/wp-content\/uploads\/2017\/06\/COACALCO-3141-460x345.jpg 460w, https:\/\/www.diarioimagen.net\/wp-content\/uploads\/2017\/06\/COACALCO-3141-240x180.jpg 240w, https:\/\/www.diarioimagen.net\/wp-content\/uploads\/2017\/06\/COACALCO-3141.jpg 700w\" sizes=\"auto, (max-width: 460px) 100vw, 460px\" \/><\/a><\/p>\n<p>&nbsp;<\/p>\n<p><strong>Coacalco, Estado de M\u00e9xico.- <\/strong>Una nueva megajornada de limpieza se realiz\u00f3 en la colonia Villa de Las Flores segunda secci\u00f3n en el municipio, donde contin\u00faan las acciones para brindar servicios p\u00fablicos de calidad.<\/p>\n<p>La informaci\u00f3n fue proporcionada por el director general de Servicios P\u00fablicos del Ayuntamiento de Coacalco, H\u00e9ctor Mu\u00f1oz, quien dijo que se siguen las indicaciones del presidente municipal, Erwin Castel\u00e1n.<\/p>\n","protected":false},"excerpt":{"rendered":"<p>Una nueva megajornada de limpieza se realiz\u00f3 en la colonia Villa de Las Flores segunda secci\u00f3n en el municipio, donde contin\u00faan las acciones para brindar servicios p\u00fablicos de calidad.<\/p>\n","protected":false},"author":3,"featured_media":330702,"comment_status":"open","ping_status":"open","sticky":false,"template":"","format":"standard","meta":{"_monsterinsights_skip_tracking":false,"_monsterinsights_sitenote_active":false,"_monsterinsights_sitenote_note":"","_monsterinsights_sitenote_category":0,"footnotes":""},"categories":[35155],"tags":[579,43675],"class_list":["post-330629","post","type-post","status-publish","format-standard","has-post-thumbnail","hentry","category-estado-de-mexico-estado-de-mexico","tag-coacalco","tag-estado-de-mexico"],"_links":{"self":[{"href":"https:\/\/www.diarioimagen.net\/index.php?rest_route=\/wp\/v2\/posts\/330629","targetHints":{"allow":["GET"]}}],"collection":[{"href":"https:\/\/www.diarioimagen.net\/index.php?rest_route=\/wp\/v2\/posts"}],"about":[{"href":"https:\/\/www.diarioimagen.net\/index.php?rest_route=\/wp\/v2\/types\/post"}],"author":[{"embeddable":true,"href":"https:\/\/www.diarioimagen.net\/index.php?rest_route=\/wp\/v2\/users\/3"}],"replies":[{"embeddable":true,"href":"https:\/\/www.diarioimagen.net\/index.php?rest_route=%2Fwp%2Fv2%2Fcomments&post=330629"}],"version-history":[{"count":0,"href":"https:\/\/www.diarioimagen.net\/index.php?rest_route=\/wp\/v2\/posts\/330629\/revisions"}],"wp:featuredmedia":[{"embeddable":true,"href":"https:\/\/www.diarioimagen.net\/index.php?rest_route=\/wp\/v2\/media\/330702"}],"wp:attachment":[{"href":"https:\/\/www.diarioimagen.net\/index.php?rest_route=%2Fwp%2Fv2%2Fmedia&parent=330629"}],"wp:term":[{"taxonomy":"category","embeddable":true,"href":"https:\/\/www.diarioimagen.net\/index.php?rest_route=%2Fwp%2Fv2%2Fcategories&post=330629"},{"taxonomy":"post_tag","embeddable":true,"href":"https:\/\/www.diarioimagen.net\/index.php?rest_route=%2Fwp%2Fv2%2Ftags&post=330629"}],"curies":[{"name":"wp","href":"https:\/\/api.w.org\/{rel}","templated":true}]}}