{"id":330967,"date":"2017-06-15T18:15:47","date_gmt":"2017-06-15T23:15:47","guid":{"rendered":"http:\/\/www.diarioimagen.net\/?p=330967"},"modified":"2017-06-18T20:06:58","modified_gmt":"2017-06-19T01:06:58","slug":"entrega-eruviel-avila-mas-de-600-becas-al-extranjero-a-universitarios","status":"publish","type":"post","link":"https:\/\/www.diarioimagen.net\/?p=330967","title":{"rendered":"Entrega Eruviel \u00c1vila m\u00e1s de 600 becas al extranjero a universitarios"},"content":{"rendered":"<ul>\n<li><em><strong>Tomar\u00e1n cursos en 10 pa\u00edses<\/strong><\/em><\/li>\n<\/ul>\n<p>&nbsp;<\/p>\n<div id=\"attachment_330968\" style=\"width: 470px\" class=\"wp-caption aligncenter\"><img loading=\"lazy\" decoding=\"async\" aria-describedby=\"caption-attachment-330968\" class=\"size-large wp-image-330968\" src=\"http:\/\/www.diarioimagen.net\/wp-content\/uploads\/2017\/06\/BECAS16-portal-460x268.jpg\" alt=\"\" width=\"460\" height=\"268\" srcset=\"https:\/\/www.diarioimagen.net\/wp-content\/uploads\/2017\/06\/BECAS16-portal-460x268.jpg 460w, https:\/\/www.diarioimagen.net\/wp-content\/uploads\/2017\/06\/BECAS16-portal-240x140.jpg 240w, https:\/\/www.diarioimagen.net\/wp-content\/uploads\/2017\/06\/BECAS16-portal.jpg 480w\" sizes=\"auto, (max-width: 460px) 100vw, 460px\" \/><p id=\"caption-attachment-330968\" class=\"wp-caption-text\">Eruviel \u00c1vila detall\u00f3 que estas becas se suman a las m\u00e1s de 10 mil que se han entregado en esta categor\u00eda.<\/p><\/div>\n<p>&nbsp;<\/p>\n<p>Toluca, M\u00e9x.- El gobernador Eruviel \u00c1vila Villegas entreg\u00f3 m\u00e1s de 600 becas para estudiar en el extranjero a alumnos universitarios de excelencia acad\u00e9mica, quienes tomar\u00e1n cursos y especialidades en Rusia, Espa\u00f1a, Costa Rica, Canad\u00e1, Chile, Cuba, Brasil, China, Estados Unidos y Colombia.<\/p>\n<p>En el Centro de Convenciones Toluca, el titular del Ejecutivo estatal detall\u00f3 que estas becas se suman a las m\u00e1s de 10 mil que se han entregado en esta categor\u00eda y a trav\u00e9s de los programas Proyecta 10 mil y Proyecta 100 mil, entre otras.<\/p>\n<p>Eruviel \u00c1vila confi\u00f3 en el talento de los j\u00f3venes mexiquenses que se van a preparar al extranjero, ya que han demostrado compromiso, liderazgo y responsabilidad en sus cursos, como ocurre en el Programa Gobernadores que imparte The Washington Center, en donde cerca de 200 becarios han puesto muy en alto el nombre del Estado de M\u00e9xico, ya que 90 por ciento de ellos obtuvieron calificaciones mayores a 90 puntos en sus proyectos individuales.<\/p>\n","protected":false},"excerpt":{"rendered":"<p>El gobernador Eruviel \u00c1vila Villegas entreg\u00f3 m\u00e1s de 600 becas para estudiar en el extranjero a alumnos universitarios de excelencia acad\u00e9mica, quienes tomar\u00e1n cursos y especialidades en Rusia, Espa\u00f1a, Costa Rica, Canad\u00e1, Chile, Cuba, Brasil, China, Estados Unidos y Colombia. <\/p>\n","protected":false},"author":5,"featured_media":330968,"comment_status":"open","ping_status":"open","sticky":false,"template":"","format":"standard","meta":{"_monsterinsights_skip_tracking":false,"_monsterinsights_sitenote_active":false,"_monsterinsights_sitenote_note":"","_monsterinsights_sitenote_category":0,"footnotes":""},"categories":[5],"tags":[4728,431,122,1361,3909,438,850,177,3143],"class_list":["post-330967","post","type-post","status-publish","format-standard","has-post-thumbnail","hentry","category-estado-de-mexico","tag-brasil","tag-canada","tag-chile","tag-china","tag-costa-rica","tag-cuba","tag-espana","tag-estados-unidos","tag-rusia"],"_links":{"self":[{"href":"https:\/\/www.diarioimagen.net\/index.php?rest_route=\/wp\/v2\/posts\/330967","targetHints":{"allow":["GET"]}}],"collection":[{"href":"https:\/\/www.diarioimagen.net\/index.php?rest_route=\/wp\/v2\/posts"}],"about":[{"href":"https:\/\/www.diarioimagen.net\/index.php?rest_route=\/wp\/v2\/types\/post"}],"author":[{"embeddable":true,"href":"https:\/\/www.diarioimagen.net\/index.php?rest_route=\/wp\/v2\/users\/5"}],"replies":[{"embeddable":true,"href":"https:\/\/www.diarioimagen.net\/index.php?rest_route=%2Fwp%2Fv2%2Fcomments&post=330967"}],"version-history":[{"count":0,"href":"https:\/\/www.diarioimagen.net\/index.php?rest_route=\/wp\/v2\/posts\/330967\/revisions"}],"wp:featuredmedia":[{"embeddable":true,"href":"https:\/\/www.diarioimagen.net\/index.php?rest_route=\/wp\/v2\/media\/330968"}],"wp:attachment":[{"href":"https:\/\/www.diarioimagen.net\/index.php?rest_route=%2Fwp%2Fv2%2Fmedia&parent=330967"}],"wp:term":[{"taxonomy":"category","embeddable":true,"href":"https:\/\/www.diarioimagen.net\/index.php?rest_route=%2Fwp%2Fv2%2Fcategories&post=330967"},{"taxonomy":"post_tag","embeddable":true,"href":"https:\/\/www.diarioimagen.net\/index.php?rest_route=%2Fwp%2Fv2%2Ftags&post=330967"}],"curies":[{"name":"wp","href":"https:\/\/api.w.org\/{rel}","templated":true}]}}