{"id":330984,"date":"2017-06-19T00:00:20","date_gmt":"2017-06-19T05:00:20","guid":{"rendered":"http:\/\/www.diarioimagen.net\/?p=330984"},"modified":"2017-06-19T23:37:42","modified_gmt":"2017-06-20T04:37:42","slug":"reconoce-eruviel-avila-a-maestros-mexiquenses","status":"publish","type":"post","link":"https:\/\/www.diarioimagen.net\/?p=330984","title":{"rendered":"Reconoce Eruviel \u00c1vila a maestros mexiquenses"},"content":{"rendered":"<ul>\n<li><em><strong>Ex\u00e1menes para plazas magisteriales y horas clase<\/strong><\/em><\/li>\n<\/ul>\n<p>&nbsp;<\/p>\n<div id=\"attachment_330985\" style=\"width: 470px\" class=\"wp-caption aligncenter\"><img loading=\"lazy\" decoding=\"async\" aria-describedby=\"caption-attachment-330985\" class=\"size-large wp-image-330985\" src=\"http:\/\/www.diarioimagen.net\/wp-content\/uploads\/2017\/06\/ERUVIEL19-portal-460x268.jpg\" alt=\"\" width=\"460\" height=\"268\" srcset=\"https:\/\/www.diarioimagen.net\/wp-content\/uploads\/2017\/06\/ERUVIEL19-portal-460x268.jpg 460w, https:\/\/www.diarioimagen.net\/wp-content\/uploads\/2017\/06\/ERUVIEL19-portal-240x140.jpg 240w, https:\/\/www.diarioimagen.net\/wp-content\/uploads\/2017\/06\/ERUVIEL19-portal.jpg 480w\" sizes=\"auto, (max-width: 460px) 100vw, 460px\" \/><p id=\"caption-attachment-330985\" class=\"wp-caption-text\">El gobernador Eruviel \u00c1vila Villegas felicit\u00f3 a maestras, maestros y estudiantes de Normales que se esfuerzan por ser los mejores.<\/p><\/div>\n<p>&nbsp;<\/p>\n<p><strong>Toluca, Estado de M\u00e9xico<\/strong>.- Con el prop\u00f3sito de garantizar la capacidad y la competencia de los conocimientos de los maestros, el gobernador Eruviel \u00c1vila Villegas dio a conocer que en el Estado de M\u00e9xico inici\u00f3 el 10 de junio el proceso de evaluaci\u00f3n de nivel b\u00e1sico, en el que 14 mil 239 docentes compiten para acceder a mil 294 plazas y 5 mil 131 horas clase, para el ciclo escolar 2017-2018.<\/p>\n<p>\u201cFelicito a las maestras, maestros, estudiantes tambi\u00e9n de Normales, que se esfuerzan por ser los mejores, que puedan tener y ganarse ese espacio no hered\u00e1ndolo, sino concurs\u00e1ndolo con estudios, no por palancas o por inter\u00e9s, sino porque ustedes, o los que finalmente aspiren a ser profesores en aulas, se lo merecen con motivo de sus estudios y su preparaci\u00f3n\u201d, afirm\u00f3 el mandatario mexiquense.<\/p>\n<p>El titular del Ejecutivo estatal detall\u00f3 que el proceso de evaluaci\u00f3n concluir\u00e1 el pr\u00f3ximo 25 de junio, y en \u00e9l participan la Coordinaci\u00f3n Nacional de Servicio Docente y el Instituto Nacional para la Evaluaci\u00f3n y Educaci\u00f3n.<\/p>\n<p>Reconoci\u00f3 a los maestros mexiquenses por su participaci\u00f3n, esfuerzo y empe\u00f1o que ponen para obtener una plaza con sus m\u00e9ritos, lo que fortalece la calidad de su ense\u00f1anza, enriquece su c\u00e1tedra y beneficia al sector educativo m\u00e1s grande del pa\u00eds.<\/p>\n<p>Cabe resaltar que el pasado 13 y 14 de mayo se realiz\u00f3 la evaluaci\u00f3n que corresponde al nivel Medio Superior, en la que participaron 3 mil 57 aspirantes para cubrir 43 mil 86 horas clase.<\/p>\n","protected":false},"excerpt":{"rendered":"<p>Con el prop\u00f3sito de garantizar la capacidad y la competencia de los conocimientos de los maestros, el gobernador Eruviel \u00c1vila Villegas dio a conocer que en el Estado de M\u00e9xico inici\u00f3 el 10 de junio el proceso de evaluaci\u00f3n de nivel b\u00e1sico, en el que 14 mil 239 docentes compiten para acceder a mil 294 plazas y 5 mil 131 horas clase, para el ciclo escolar 2017-2018.<\/p>\n","protected":false},"author":5,"featured_media":330985,"comment_status":"open","ping_status":"open","sticky":false,"template":"","format":"standard","meta":{"_monsterinsights_skip_tracking":false,"_monsterinsights_sitenote_active":false,"_monsterinsights_sitenote_note":"","_monsterinsights_sitenote_category":0,"footnotes":""},"categories":[5],"tags":[43675,452],"class_list":["post-330984","post","type-post","status-publish","format-standard","has-post-thumbnail","hentry","category-estado-de-mexico","tag-estado-de-mexico","tag-toluca"],"_links":{"self":[{"href":"https:\/\/www.diarioimagen.net\/index.php?rest_route=\/wp\/v2\/posts\/330984","targetHints":{"allow":["GET"]}}],"collection":[{"href":"https:\/\/www.diarioimagen.net\/index.php?rest_route=\/wp\/v2\/posts"}],"about":[{"href":"https:\/\/www.diarioimagen.net\/index.php?rest_route=\/wp\/v2\/types\/post"}],"author":[{"embeddable":true,"href":"https:\/\/www.diarioimagen.net\/index.php?rest_route=\/wp\/v2\/users\/5"}],"replies":[{"embeddable":true,"href":"https:\/\/www.diarioimagen.net\/index.php?rest_route=%2Fwp%2Fv2%2Fcomments&post=330984"}],"version-history":[{"count":0,"href":"https:\/\/www.diarioimagen.net\/index.php?rest_route=\/wp\/v2\/posts\/330984\/revisions"}],"wp:featuredmedia":[{"embeddable":true,"href":"https:\/\/www.diarioimagen.net\/index.php?rest_route=\/wp\/v2\/media\/330985"}],"wp:attachment":[{"href":"https:\/\/www.diarioimagen.net\/index.php?rest_route=%2Fwp%2Fv2%2Fmedia&parent=330984"}],"wp:term":[{"taxonomy":"category","embeddable":true,"href":"https:\/\/www.diarioimagen.net\/index.php?rest_route=%2Fwp%2Fv2%2Fcategories&post=330984"},{"taxonomy":"post_tag","embeddable":true,"href":"https:\/\/www.diarioimagen.net\/index.php?rest_route=%2Fwp%2Fv2%2Ftags&post=330984"}],"curies":[{"name":"wp","href":"https:\/\/api.w.org\/{rel}","templated":true}]}}