{"id":330990,"date":"2017-06-19T00:11:05","date_gmt":"2017-06-19T05:11:05","guid":{"rendered":"http:\/\/www.diarioimagen.net\/?p=330990"},"modified":"2017-06-18T20:38:22","modified_gmt":"2017-06-19T01:38:22","slug":"agradece-isis-avila-labor-humanitaria-de-voluntarios-mexiquenses","status":"publish","type":"post","link":"https:\/\/www.diarioimagen.net\/?p=330990","title":{"rendered":"Agradece Isis \u00c1vila labor humanitaria de voluntarios"},"content":{"rendered":"<ul>\n<li><strong><em>La titular del DIFEM entrega reconocimientos<\/em><\/strong><\/li>\n<\/ul>\n<p>&nbsp;<\/p>\n<div id=\"attachment_330991\" style=\"width: 470px\" class=\"wp-caption aligncenter\"><img loading=\"lazy\" decoding=\"async\" aria-describedby=\"caption-attachment-330991\" class=\"wp-image-330991 size-large\" src=\"http:\/\/www.diarioimagen.net\/wp-content\/uploads\/2017\/06\/ISIS19-portal-460x268.jpg\" alt=\"\" width=\"460\" height=\"268\" srcset=\"https:\/\/www.diarioimagen.net\/wp-content\/uploads\/2017\/06\/ISIS19-portal-460x268.jpg 460w, https:\/\/www.diarioimagen.net\/wp-content\/uploads\/2017\/06\/ISIS19-portal-240x140.jpg 240w, https:\/\/www.diarioimagen.net\/wp-content\/uploads\/2017\/06\/ISIS19-portal.jpg 480w\" sizes=\"auto, (max-width: 460px) 100vw, 460px\" \/><p id=\"caption-attachment-330991\" class=\"wp-caption-text\">La titular del DIFEM, Isis \u00c1vila Mu\u00f1oz, entreg\u00f3 reconocimientos en el marco del XLII Aniversario del D\u00eda de la Voluntaria.<\/p><\/div>\n<p>&nbsp;<\/p>\n<p><strong>Tlalnepantla, Estado de M\u00e9xico<\/strong>.- Al celebrarse el XLII Aniversario del D\u00eda de la Voluntaria, Isis \u00c1vila Mu\u00f1oz, presidenta honoraria del DIF Estado de M\u00e9xico, agradeci\u00f3 y destac\u00f3 la labor humanitaria que m\u00e1s de mil 800 mujeres y hombres realizan en beneficio de la poblaci\u00f3n que vive en condiciones de vulnerabilidad.<\/p>\n<p>\u201cUstedes me han demostrado que con la suma de esfuerzos se pueden construir historias de \u00e9xito, se superan las adversidades y lo m\u00e1s importante\u00a0 se despiertan sonrisas de quienes necesitan una mano amiga para salir adelante, muchas gracias por todo su apoyo que es invaluable\u201d, expres\u00f3 la titular del DIFEM.<\/p>\n<p>Acompa\u00f1ada en este acto por Carolina Alan\u00eds Moreno, directora general del DIF estatal; Denisse Ugalde Alegr\u00eda, presidenta municipal de Tlalnepantla; Maribel Garc\u00eda Reyes, jefa de la Unidad de Procuraci\u00f3n de Fondos del organismo asistencial, entreg\u00f3 reconocimientos a integrantes\u00a0 de los\u00a0 voluntariados de los 125 sistemas municipales DIF,\u00a0 asi como del sector p\u00fablico y privado como Asociaciones Civiles e Instituciones de Asistencia Privada.<\/p>\n<p>\u201cHoy tenemos un estado fortalecido con mayor infrestructura, servicios de salud, educativos, de transporte y dem\u00e1s beneficios para toda la poblaci\u00f3n,\u00a0 lo cual ha sido posible con la ayuda de agentes de cambio como ustedes que de manera desinteresada nos apoyan para lograr mayores y mejores\u00a0 oportunidades de desarrollo\u201d.<\/p>\n<p>Asimismo, destac\u00f3 que durante su mandato al frente del DIFEM, ha sido un privilegio tener como aliado a un ej\u00e9rcito de seres nobles y de gran coraz\u00f3n que ponen su tiempo, dinero y esfuerzo para que el\u00a0 medicamento, las ayudas funcionales, alimentos, ropa, talleres y dem\u00e1s beneficios sean otorgados a ni\u00f1os, jovenes, mujeres,\u00a0 personas con discapacidad, adultos mayores que viven en rezago social.<\/p>\n<p>Finalmente, convoc\u00f3 a los asistentes a continuar con ese esp\u00edritu de altruismo que dijo, contribuye en gran medida a aminorar la desigualdad social, las carencias y la falta de oportunidades.<\/p>\n","protected":false},"excerpt":{"rendered":"<p>Al celebrarse el XLII Aniversario del D\u00eda de la Voluntaria, Isis \u00c1vila Mu\u00f1oz, presidenta honoraria del DIF Estado de M\u00e9xico, agradeci\u00f3 y destac\u00f3 la labor humanitaria que m\u00e1s de mil 800 mujeres y hombres realizan en beneficio de la poblaci\u00f3n que vive en condiciones de vulnerabilidad.<\/p>\n","protected":false},"author":5,"featured_media":330991,"comment_status":"open","ping_status":"open","sticky":false,"template":"","format":"standard","meta":{"_monsterinsights_skip_tracking":false,"_monsterinsights_sitenote_active":false,"_monsterinsights_sitenote_note":"","_monsterinsights_sitenote_category":0,"footnotes":""},"categories":[5],"tags":[45490,43675,50409,6609,169],"class_list":["post-330990","post","type-post","status-publish","format-standard","has-post-thumbnail","hentry","category-estado-de-mexico","tag-denisse-ugalde-alegria","tag-estado-de-mexico","tag-isis-avila","tag-mexiquenses","tag-tlalnepantla"],"_links":{"self":[{"href":"https:\/\/www.diarioimagen.net\/index.php?rest_route=\/wp\/v2\/posts\/330990","targetHints":{"allow":["GET"]}}],"collection":[{"href":"https:\/\/www.diarioimagen.net\/index.php?rest_route=\/wp\/v2\/posts"}],"about":[{"href":"https:\/\/www.diarioimagen.net\/index.php?rest_route=\/wp\/v2\/types\/post"}],"author":[{"embeddable":true,"href":"https:\/\/www.diarioimagen.net\/index.php?rest_route=\/wp\/v2\/users\/5"}],"replies":[{"embeddable":true,"href":"https:\/\/www.diarioimagen.net\/index.php?rest_route=%2Fwp%2Fv2%2Fcomments&post=330990"}],"version-history":[{"count":0,"href":"https:\/\/www.diarioimagen.net\/index.php?rest_route=\/wp\/v2\/posts\/330990\/revisions"}],"wp:featuredmedia":[{"embeddable":true,"href":"https:\/\/www.diarioimagen.net\/index.php?rest_route=\/wp\/v2\/media\/330991"}],"wp:attachment":[{"href":"https:\/\/www.diarioimagen.net\/index.php?rest_route=%2Fwp%2Fv2%2Fmedia&parent=330990"}],"wp:term":[{"taxonomy":"category","embeddable":true,"href":"https:\/\/www.diarioimagen.net\/index.php?rest_route=%2Fwp%2Fv2%2Fcategories&post=330990"},{"taxonomy":"post_tag","embeddable":true,"href":"https:\/\/www.diarioimagen.net\/index.php?rest_route=%2Fwp%2Fv2%2Ftags&post=330990"}],"curies":[{"name":"wp","href":"https:\/\/api.w.org\/{rel}","templated":true}]}}