{"id":331459,"date":"2017-06-21T00:06:42","date_gmt":"2017-06-21T05:06:42","guid":{"rendered":"http:\/\/www.diarioimagen.net\/?p=331459"},"modified":"2017-06-21T04:27:51","modified_gmt":"2017-06-21T09:27:51","slug":"edgar-olvera-y-xochitl-galvez-firman-convenio-de-coordinacion","status":"publish","type":"post","link":"https:\/\/www.diarioimagen.net\/?p=331459","title":{"rendered":"Edgar Olvera y X\u00f3chitl G\u00e1lvez firman convenio de coordinaci\u00f3n"},"content":{"rendered":"<p><a href=\"http:\/\/www.diarioimagen.net\/?attachment_id=331538\" rel=\"attachment wp-att-331538\"><img loading=\"lazy\" decoding=\"async\" class=\"aligncenter size-large wp-image-331538\" src=\"http:\/\/www.diarioimagen.net\/wp-content\/uploads\/2017\/06\/NAUCALPAN-3146-460x261.jpg\" alt=\"\" width=\"460\" height=\"261\" srcset=\"https:\/\/www.diarioimagen.net\/wp-content\/uploads\/2017\/06\/NAUCALPAN-3146-460x261.jpg 460w, https:\/\/www.diarioimagen.net\/wp-content\/uploads\/2017\/06\/NAUCALPAN-3146-240x136.jpg 240w, https:\/\/www.diarioimagen.net\/wp-content\/uploads\/2017\/06\/NAUCALPAN-3146-235x132.jpg 235w, https:\/\/www.diarioimagen.net\/wp-content\/uploads\/2017\/06\/NAUCALPAN-3146-202x114.jpg 202w, https:\/\/www.diarioimagen.net\/wp-content\/uploads\/2017\/06\/NAUCALPAN-3146.jpg 700w\" sizes=\"auto, (max-width: 460px) 100vw, 460px\" \/><\/a><\/p>\n<p>&nbsp;<\/p>\n<p><strong>Naucalpan, Estado de M\u00e9xico.-<\/strong> Con el prop\u00f3sito de reforzar la seguridad y mejorar los trabajos de prevenci\u00f3n, as\u00ed como eficientar los servicios p\u00fablicos en las zonas lim\u00edtrofes de ambas demarcaciones, el presidente municipal de esta ciudad, Edgar Olvera Higuera, y la delegada de Miguel Hidalgo, X\u00f3chitl G\u00e1lvez Ruiz, firmaron un convenio interinstitucional.<\/p>\n<p>En entrevista, el edil naucalpense inform\u00f3 que a trav\u00e9s de este convenio se colaborar\u00e1 en acciones de beneficio para la ciudadan\u00eda, en materia de alumbrado p\u00fablico, poda de \u00e1rboles, limpia y disposici\u00f3n de desechos; mantenimiento de calles, \u00e1reas verdes y recreativas, adem\u00e1s de desarrollo urbano, vialidad, seguridad\u00a0y prevenci\u00f3n.<\/p>\n","protected":false},"excerpt":{"rendered":"<p>Con el prop\u00f3sito de reforzar la seguridad y mejorar los trabajos de prevenci\u00f3n, as\u00ed como eficientar los servicios p\u00fablicos en las zonas lim\u00edtrofes de ambas demarcaciones, el presidente municipal de esta ciudad, Edgar Olvera Higuera, y la delegada de Miguel Hidalgo, X\u00f3chitl G\u00e1lvez Ruiz, firmaron un convenio interinstitucional.<\/p>\n","protected":false},"author":3,"featured_media":331538,"comment_status":"open","ping_status":"open","sticky":false,"template":"","format":"standard","meta":{"_monsterinsights_skip_tracking":false,"_monsterinsights_sitenote_active":false,"_monsterinsights_sitenote_note":"","_monsterinsights_sitenote_category":0,"footnotes":""},"categories":[35155],"tags":[43675,1526,970,4787],"class_list":["post-331459","post","type-post","status-publish","format-standard","has-post-thumbnail","hentry","category-estado-de-mexico-estado-de-mexico","tag-estado-de-mexico","tag-miguel-hidalgo","tag-naucalpan","tag-xochitl-galvez-ruiz"],"_links":{"self":[{"href":"https:\/\/www.diarioimagen.net\/index.php?rest_route=\/wp\/v2\/posts\/331459","targetHints":{"allow":["GET"]}}],"collection":[{"href":"https:\/\/www.diarioimagen.net\/index.php?rest_route=\/wp\/v2\/posts"}],"about":[{"href":"https:\/\/www.diarioimagen.net\/index.php?rest_route=\/wp\/v2\/types\/post"}],"author":[{"embeddable":true,"href":"https:\/\/www.diarioimagen.net\/index.php?rest_route=\/wp\/v2\/users\/3"}],"replies":[{"embeddable":true,"href":"https:\/\/www.diarioimagen.net\/index.php?rest_route=%2Fwp%2Fv2%2Fcomments&post=331459"}],"version-history":[{"count":0,"href":"https:\/\/www.diarioimagen.net\/index.php?rest_route=\/wp\/v2\/posts\/331459\/revisions"}],"wp:featuredmedia":[{"embeddable":true,"href":"https:\/\/www.diarioimagen.net\/index.php?rest_route=\/wp\/v2\/media\/331538"}],"wp:attachment":[{"href":"https:\/\/www.diarioimagen.net\/index.php?rest_route=%2Fwp%2Fv2%2Fmedia&parent=331459"}],"wp:term":[{"taxonomy":"category","embeddable":true,"href":"https:\/\/www.diarioimagen.net\/index.php?rest_route=%2Fwp%2Fv2%2Fcategories&post=331459"},{"taxonomy":"post_tag","embeddable":true,"href":"https:\/\/www.diarioimagen.net\/index.php?rest_route=%2Fwp%2Fv2%2Ftags&post=331459"}],"curies":[{"name":"wp","href":"https:\/\/api.w.org\/{rel}","templated":true}]}}