{"id":331462,"date":"2017-06-21T00:01:52","date_gmt":"2017-06-21T05:01:52","guid":{"rendered":"http:\/\/www.diarioimagen.net\/?p=331462"},"modified":"2017-06-21T04:30:14","modified_gmt":"2017-06-21T09:30:14","slug":"el-world-meetings-forum-2017-tendra-lugar-del-11-al-13-de-julio-proximo-en-el-hotel-presidente-intercontinental","status":"publish","type":"post","link":"https:\/\/www.diarioimagen.net\/?p=331462","title":{"rendered":"El <em>World Meetings Forum 2017<\/em> tendr\u00e1 lugar del 11 al 13 de julio pr\u00f3ximo en el <em>Hotel Presidente Intercontinental<\/em>"},"content":{"rendered":"<h2>De cinco estrellas<\/h2>\n<h5>Victoria Gonz\u00e1lez Prado<\/h5>\n<p>&nbsp;<\/p>\n<ul>\n<li><em><strong>La Red de Aeropuertos y Servicios Auxiliares, moviliz\u00f3 un mill\u00f3n 73 mil 941 pasajeros de enero a mayo del 2017<\/strong><\/em><\/li>\n<li><strong>SkyTeam<\/strong><em><strong> llevar\u00e1 la experiencia aeroportuaria con la pr\u00f3xima apertura de una de sus salas en el Aeropuerto Internacional de Vancouver<\/strong><\/em><\/li>\n<\/ul>\n<p>&nbsp;<\/p>\n<div id=\"attachment_331541\" style=\"width: 470px\" class=\"wp-caption aligncenter\"><a href=\"http:\/\/www.diarioimagen.net\/?attachment_id=331541\" rel=\"attachment wp-att-331541\"><img loading=\"lazy\" decoding=\"async\" aria-describedby=\"caption-attachment-331541\" class=\"size-large wp-image-331541\" src=\"http:\/\/www.diarioimagen.net\/wp-content\/uploads\/2017\/06\/turismo-3146-460x259.jpg\" alt=\"\" width=\"460\" height=\"259\" srcset=\"https:\/\/www.diarioimagen.net\/wp-content\/uploads\/2017\/06\/turismo-3146-460x259.jpg 460w, https:\/\/www.diarioimagen.net\/wp-content\/uploads\/2017\/06\/turismo-3146-240x135.jpg 240w, https:\/\/www.diarioimagen.net\/wp-content\/uploads\/2017\/06\/turismo-3146-235x132.jpg 235w, https:\/\/www.diarioimagen.net\/wp-content\/uploads\/2017\/06\/turismo-3146-202x114.jpg 202w, https:\/\/www.diarioimagen.net\/wp-content\/uploads\/2017\/06\/turismo-3146-350x196.jpg 350w, https:\/\/www.diarioimagen.net\/wp-content\/uploads\/2017\/06\/turismo-3146-220x123.jpg 220w, https:\/\/www.diarioimagen.net\/wp-content\/uploads\/2017\/06\/turismo-3146-237x132.jpg 237w, https:\/\/www.diarioimagen.net\/wp-content\/uploads\/2017\/06\/turismo-3146.jpg 480w\" sizes=\"auto, (max-width: 460px) 100vw, 460px\" \/><\/a><p id=\"caption-attachment-331541\" class=\"wp-caption-text\">Durante la presentaci\u00f3n del World Meetings Forum 2017.<\/p><\/div>\n<p>&nbsp;<\/p>\n<p>El <em>World Meetings Forum 2017<\/em> (WMF), considerado uno de los eventos m\u00e1s importantes de la industria del Turismo de Reuniones tendr\u00e1 lugar del 11 al 13 de julio pr\u00f3ximo en el Hotel Presidente Intercontinental Polanco.<\/p>\n<p>En cinco ediciones, este evento ha logrado congregar a m\u00e1s de 70 <em>speakers<\/em> internacionales, 800 asistentes, 40 asociaciones y 15 pa\u00edses participantes, lo que abre la puerta a oportunidades de profesionalizaci\u00f3n, certificaci\u00f3n y cierre de negocios.<\/p>\n<p><strong>Armando L\u00f3pez C\u00e1rdenas<\/strong>, secretario de Turismo de la Ciudad de M\u00e9xico, asegur\u00f3 que la industria de reuniones crece en promedio 25% al a\u00f1o a nivel nacional y 15% en la capital lo que ha llevado al pa\u00eds a subir un lugar y a la ciudad tres en el \u00faltimo ranking de la <em>International Congress &amp; Convention Association <\/em>(ICCA), en cuanto a destinos favoritos para realizar eventos.<\/p>\n<p><strong>Teresa Matamoros<\/strong>, directora de Enlace con la Industria del Consejo de Promoci\u00f3n Tur\u00edstica de M\u00e9xico (CPTM), indic\u00f3 que el Turismo de Reuniones en M\u00e9xico, es un sector representativo para la econom\u00eda del pa\u00eds al aportar el 1.5% del PIB nacional, lo que se traduce en 25 mil millones de d\u00f3lares de ingresos anuales. Eventos como el <em>World Meetings Forum,<\/em> ayudan al impulsar activamente a la industria\u201d.<\/p>\n<p>\u201cEn la Ciudad de M\u00e9xico, el Turismo de Reuniones es cuatro veces mayor que el turismo de placer, y el crecimiento que se registra anualmente, tambi\u00e9n es m\u00e1s grande en el sector de congresos y convenciones. En general nuestro pa\u00eds y la capital tienen potencial en\u00a0todos los aspectos: conectividad a\u00e9rea, terrestre; centros de convenciones; infraestructura hotelera, y atractivos tur\u00edsticos; podemos ser el n\u00famero uno de Latinoam\u00e9rica y superar a Brasil y Argentina\u201d coment\u00f3 <strong>Rafael Hern\u00e1ndez<\/strong>, presidente de WMF.<\/p>\n<p>Para esta edici\u00f3n del <em>World Meetings Forum<\/em> el pa\u00eds invitado ser\u00e1 Costa Rica, y durante el evento se desarrollar\u00e1 una nueva metodolog\u00eda para el cierre de negocios entre los asistentes, la cual se alinea a la filosof\u00eda de este evento centrada en el <em>Face to face.\u00a0 <\/em><\/p>\n<p>Asimismo se dio a conocer que la tendencia del cara a cara para cerrar negocios se mantiene en ascenso en esta industria. Las cifras son: 60% de lo que constituye un evento como planeaci\u00f3n (31.6%), alimentos y bebidas (14.6%) y alojamiento (13.8%) requiere un encuentro presencial.<\/p>\n<p>Tambi\u00e9n se abordaron las seis ventajas que esta pr\u00e1ctica aporta al cierre de negocios como son compromiso, tono de voz, palabras empleadas, movimientos conscientes, expresiones faciales y lenguaje corporal inconsciente. De acuerdo con <em>Comscore<\/em> el cierre de ventas de forma directa alcanza el 79% de efectividad versus el 21% v\u00eda <em>online.<\/em><\/p>\n<p>De igual forma, se analiza la influencia del internet en los negocios, y menciona que si bien la pr\u00e1ctica <em>face to face<\/em> en muchas industrias es imprescindible, los expertos se\u00f1alan que es importante tener un buen balance con el mundo <em>offline <\/em>y utilizar las plataformas disponibles que permitan simular encuentros en persona como lo son las video conferencias.<\/p>\n<p><strong>Rafael Hern\u00e1ndez<\/strong> se\u00f1al\u00f3 que \u201cel Turismo de Reuniones afronta retos importantes en la actualidad: garantizar seguridad, captar nuevos eventos, y lograr que los congresos o convenciones que se realicen en el pa\u00eds se registren ante las instituciones pertinentes. Eso ayuda a ser tomados en cuenta como potencia de la industria. Y trabajar en estos retos es justamente el objetivo de cada edici\u00f3n de <em>World Meetings Forum\u201d. <\/em><\/p>\n<p>\u2730\u2730\u2730\u2730\u2730 La Red de Aeropuertos y Servicios Auxiliares (ASA), moviliz\u00f3 un mill\u00f3n 73 mil 941 pasajeros de enero a mayo del 2017, reflejando un crecimiento de 3.1% puntos porcentuales en comparaci\u00f3n con el mismo periodo del 2016.<\/p>\n<p>En materia de operaciones, durante los primeros cinco meses del 2017 se realizaron un total de 55 mil 957 movimientos, donde el mayor \u00edndice de crecimiento porcentual se registra en los aeropuertos de Tamu\u00edn (41.2%); Chetumal (28.5%); Tehuac\u00e1n (21.4%); Puerto Escondido (18.1%); Guaymas (15.0%); Puebla (12.7%) y Loreto (12.0%) superando as\u00ed las cifras de los primeros cinco meses de 2016.<\/p>\n<p>Respecto al movimiento de carga se observ\u00f3 una variaci\u00f3n significativa del 27.1%, durante el mismo periodo, enero- mayo de 2017, al pasar de un mill\u00f3n 50 mil 301 kilogramos de carga transportada en 2016, a un mill\u00f3n 334 mil 809 kilogramos en 2017.<\/p>\n<p>\u2730\u2730\u2730\u2730\u2730 <em>SkyTeam<\/em>, la alianza global de aerol\u00edneas, llevar\u00e1 la experiencia aeroportuaria con la pr\u00f3xima apertura, a finales de a\u00f1o, de una de sus salas en el Aeropuerto Internacional de Vancouver (YVR). La marca ofrecer\u00e1 un ambiente exclusivo para pasajeros de Primera Clase, Clase Ejecutiva y <em>Elite Plus<\/em> que viajen en cualquiera de las nueve aerol\u00edneas socias de la alianza, que actualmente operan en el aeropuerto de la Columbia Brit\u00e1nica, nombrado como el Mejor de Am\u00e9rica del Norte por parte de <em>Skytrax <\/em>por ocho a\u00f1os consecutivos.<\/p>\n<p>De esta forma <em>SkyTeam,<\/em> dijo que se trata de la primera instalaci\u00f3n de la marca en Norteam\u00e9rica y la s\u00e9ptima a nivel mundial con locaciones en Londres, Estambul, Sydney, Hong Kong, Dubai y Beijing.<\/p>\n<p><strong>Perry Cantarutti<\/strong>, director general de la alianza indic\u00f3 \u201crecientemente abrimos nuestro sal\u00f3n en Beijing, y con la inauguraci\u00f3n en Vancouver a finales de este a\u00f1o, ofreceremos m\u00e1s<em> lounges<\/em> de nuestra marca en un aeropuerto en todo el mundo que cualquier otra alianza de aerol\u00edneas\u201d.<\/p>\n<p><strong>Scott Norris<\/strong>, vicepresidente de Desarrollo Comercial de la Autoridad del Aeropuerto de Vancouver dijo: \u201ctenemos nueve aerol\u00edneas asociadas que operan en Vancouver y estamos encantados de que el Aeropuerto de esa ciudad sea sede del primer <em>lounge <\/em>de en Norteam\u00e9rica. Siempte buscamos ofrecer experiencias excepcionales para los clientes y estoy seguro de que el nuevo <em>SkyTeam Lounge<\/em> lo ser\u00e1 al proporcionar servicios de primera calidad en una ubicaci\u00f3n magn\u00edfica y rodeada por prestigiosas tiendas de lujo que caracterizan a nuestro aeropuerto\u201d.<\/p>\n<p>La ubicaci\u00f3n espec\u00edfica en el aeropuerto, los servicios y las caracter\u00edsticas de la nueva sala ser\u00e1n revelados a finales de 2017. Las nueve aerol\u00edneas miembro de <em>SkyTeam<\/em> que prestan servicio a YVR son: Aerom\u00e9xico, <em>Air France<\/em>, <em>China Airlines,<\/em> <em>China Eastern, China Southern, Delta Air Lines, KLM Royal Dutch Airlines, Korean Air<\/em> y <em>Xiamen Airlines.<\/em><\/p>\n<p><em><a href=\"mailto:victoriagprado@gmail.com\" target=\"_blank\" rel=\"noopener noreferrer\">victoriagprado@gmail.com<\/a><\/em><br \/>\n<em>Twitter: <a href=\"https:\/\/twitter.com\/victoriagprado\" target=\"_blank\" rel=\"noopener noreferrer\">@victoriagprado<\/a><\/em><\/p>\n","protected":false},"excerpt":{"rendered":"<p>El <em>World Meetings Forum 2017<\/em> (WMF), considerado uno de los eventos m\u00e1s importantes de la industria del Turismo de Reuniones tendr\u00e1 lugar del 11 al 13 de julio pr\u00f3ximo en el Hotel Presidente Intercontinental Polanco.<\/p>\n","protected":false},"author":3,"featured_media":331541,"comment_status":"open","ping_status":"open","sticky":false,"template":"","format":"standard","meta":{"_monsterinsights_skip_tracking":false,"_monsterinsights_sitenote_active":false,"_monsterinsights_sitenote_note":"","_monsterinsights_sitenote_category":0,"footnotes":""},"categories":[11],"tags":[107,43674,43681,106],"class_list":["post-331462","post","type-post","status-publish","format-standard","has-post-thumbnail","hentry","category-turismo","tag-de-cinco-estrellas","tag-opinion","tag-turismo","tag-victoria-gonzalez-prado"],"_links":{"self":[{"href":"https:\/\/www.diarioimagen.net\/index.php?rest_route=\/wp\/v2\/posts\/331462","targetHints":{"allow":["GET"]}}],"collection":[{"href":"https:\/\/www.diarioimagen.net\/index.php?rest_route=\/wp\/v2\/posts"}],"about":[{"href":"https:\/\/www.diarioimagen.net\/index.php?rest_route=\/wp\/v2\/types\/post"}],"author":[{"embeddable":true,"href":"https:\/\/www.diarioimagen.net\/index.php?rest_route=\/wp\/v2\/users\/3"}],"replies":[{"embeddable":true,"href":"https:\/\/www.diarioimagen.net\/index.php?rest_route=%2Fwp%2Fv2%2Fcomments&post=331462"}],"version-history":[{"count":0,"href":"https:\/\/www.diarioimagen.net\/index.php?rest_route=\/wp\/v2\/posts\/331462\/revisions"}],"wp:featuredmedia":[{"embeddable":true,"href":"https:\/\/www.diarioimagen.net\/index.php?rest_route=\/wp\/v2\/media\/331541"}],"wp:attachment":[{"href":"https:\/\/www.diarioimagen.net\/index.php?rest_route=%2Fwp%2Fv2%2Fmedia&parent=331462"}],"wp:term":[{"taxonomy":"category","embeddable":true,"href":"https:\/\/www.diarioimagen.net\/index.php?rest_route=%2Fwp%2Fv2%2Fcategories&post=331462"},{"taxonomy":"post_tag","embeddable":true,"href":"https:\/\/www.diarioimagen.net\/index.php?rest_route=%2Fwp%2Fv2%2Ftags&post=331462"}],"curies":[{"name":"wp","href":"https:\/\/api.w.org\/{rel}","templated":true}]}}