{"id":331677,"date":"2017-06-22T00:05:26","date_gmt":"2017-06-22T05:05:26","guid":{"rendered":"http:\/\/www.diarioimagen.net\/?p=331677"},"modified":"2017-06-22T04:25:51","modified_gmt":"2017-06-22T09:25:51","slug":"gustavo-parra-sanchez-entrega-apoyos-en-naucalpan","status":"publish","type":"post","link":"https:\/\/www.diarioimagen.net\/?p=331677","title":{"rendered":"Gustavo Parra S\u00e1nchez entrega apoyos en Naucalpan"},"content":{"rendered":"<p><a href=\"http:\/\/www.diarioimagen.net\/?attachment_id=331765\" rel=\"attachment wp-att-331765\"><img loading=\"lazy\" decoding=\"async\" class=\"aligncenter size-large wp-image-331765\" src=\"http:\/\/www.diarioimagen.net\/wp-content\/uploads\/2017\/06\/NAUCALPAN-3147-460x259.jpg\" alt=\"\" width=\"460\" height=\"259\" srcset=\"https:\/\/www.diarioimagen.net\/wp-content\/uploads\/2017\/06\/NAUCALPAN-3147-460x259.jpg 460w, https:\/\/www.diarioimagen.net\/wp-content\/uploads\/2017\/06\/NAUCALPAN-3147-240x135.jpg 240w, https:\/\/www.diarioimagen.net\/wp-content\/uploads\/2017\/06\/NAUCALPAN-3147-235x132.jpg 235w, https:\/\/www.diarioimagen.net\/wp-content\/uploads\/2017\/06\/NAUCALPAN-3147-202x114.jpg 202w, https:\/\/www.diarioimagen.net\/wp-content\/uploads\/2017\/06\/NAUCALPAN-3147-350x196.jpg 350w, https:\/\/www.diarioimagen.net\/wp-content\/uploads\/2017\/06\/NAUCALPAN-3147-220x123.jpg 220w, https:\/\/www.diarioimagen.net\/wp-content\/uploads\/2017\/06\/NAUCALPAN-3147-237x132.jpg 237w, https:\/\/www.diarioimagen.net\/wp-content\/uploads\/2017\/06\/NAUCALPAN-3147.jpg 480w\" sizes=\"auto, (max-width: 460px) 100vw, 460px\" \/><\/a><\/p>\n<p>&nbsp;<\/p>\n<p><strong>Naucalpan, Estado de M\u00e9xico.-<\/strong> El gobernador del Estado de M\u00e9xico, Eruviel \u00c1vila Villegas, contin\u00faa llevando apoyos a la clase desprotegida de la entidad mexiquense, en esta ocasi\u00f3n, a trav\u00e9s de Gustavo Parra S\u00e1nchez, l\u00edder de la asociaci\u00f3n civil NEPAC, hizo entrega de estufas y tinacos a habitantes del poblado de San Francisco Chimalpa, y m\u00e1s tarde herramientas a la poblaci\u00f3n de Santiago Tepatlaxco.<\/p>\n<p>&nbsp;<\/p>\n<p>&nbsp;<\/p>\n<p>&nbsp;<\/p>\n","protected":false},"excerpt":{"rendered":"<p>El gobernador del Estado de M\u00e9xico, Eruviel \u00c1vila Villegas, contin\u00faa llevando apoyos a la clase desprotegida de la entidad mexiquense, en esta ocasi\u00f3n, a trav\u00e9s de Gustavo Parra S\u00e1nchez, l\u00edder de la asociaci\u00f3n civil NEPAC, hizo entrega de estufas y tinacos a habitantes del poblado de San Francisco Chimalpa, y m\u00e1s tarde herramientas a la poblaci\u00f3n de Santiago Tepatlaxco.<\/p>\n","protected":false},"author":3,"featured_media":331765,"comment_status":"open","ping_status":"open","sticky":false,"template":"","format":"standard","meta":{"_monsterinsights_skip_tracking":false,"_monsterinsights_sitenote_active":false,"_monsterinsights_sitenote_note":"","_monsterinsights_sitenote_category":0,"footnotes":""},"categories":[35155],"tags":[43675,53028,970],"class_list":["post-331677","post","type-post","status-publish","format-standard","has-post-thumbnail","hentry","category-estado-de-mexico-estado-de-mexico","tag-estado-de-mexico","tag-gustavo-parra-sanchez","tag-naucalpan"],"_links":{"self":[{"href":"https:\/\/www.diarioimagen.net\/index.php?rest_route=\/wp\/v2\/posts\/331677","targetHints":{"allow":["GET"]}}],"collection":[{"href":"https:\/\/www.diarioimagen.net\/index.php?rest_route=\/wp\/v2\/posts"}],"about":[{"href":"https:\/\/www.diarioimagen.net\/index.php?rest_route=\/wp\/v2\/types\/post"}],"author":[{"embeddable":true,"href":"https:\/\/www.diarioimagen.net\/index.php?rest_route=\/wp\/v2\/users\/3"}],"replies":[{"embeddable":true,"href":"https:\/\/www.diarioimagen.net\/index.php?rest_route=%2Fwp%2Fv2%2Fcomments&post=331677"}],"version-history":[{"count":0,"href":"https:\/\/www.diarioimagen.net\/index.php?rest_route=\/wp\/v2\/posts\/331677\/revisions"}],"wp:featuredmedia":[{"embeddable":true,"href":"https:\/\/www.diarioimagen.net\/index.php?rest_route=\/wp\/v2\/media\/331765"}],"wp:attachment":[{"href":"https:\/\/www.diarioimagen.net\/index.php?rest_route=%2Fwp%2Fv2%2Fmedia&parent=331677"}],"wp:term":[{"taxonomy":"category","embeddable":true,"href":"https:\/\/www.diarioimagen.net\/index.php?rest_route=%2Fwp%2Fv2%2Fcategories&post=331677"},{"taxonomy":"post_tag","embeddable":true,"href":"https:\/\/www.diarioimagen.net\/index.php?rest_route=%2Fwp%2Fv2%2Ftags&post=331677"}],"curies":[{"name":"wp","href":"https:\/\/api.w.org\/{rel}","templated":true}]}}