{"id":331794,"date":"2017-06-23T00:09:26","date_gmt":"2017-06-23T05:09:26","guid":{"rendered":"http:\/\/www.diarioimagen.net\/?p=331794"},"modified":"2017-06-23T00:11:52","modified_gmt":"2017-06-23T05:11:52","slug":"eleva-banxico-a-7-tasa-de-interes-interbancaria","status":"publish","type":"post","link":"https:\/\/www.diarioimagen.net\/?p=331794","title":{"rendered":"Eleva Banxico a 7% Tasa de Inter\u00e9s Interbancaria"},"content":{"rendered":"<ul>\n<li><strong><em>Crece inflaci\u00f3n a 6.30% en este mes<\/em><\/strong><\/li>\n<\/ul>\n<p>&nbsp;<\/p>\n<div id=\"attachment_331795\" style=\"width: 470px\" class=\"wp-caption aligncenter\"><img loading=\"lazy\" decoding=\"async\" aria-describedby=\"caption-attachment-331795\" class=\"wp-image-331795 size-large\" src=\"http:\/\/www.diarioimagen.net\/wp-content\/uploads\/2017\/06\/TASAS23-portal-460x268.jpg\" alt=\"\" width=\"460\" height=\"268\" srcset=\"https:\/\/www.diarioimagen.net\/wp-content\/uploads\/2017\/06\/TASAS23-portal-460x268.jpg 460w, https:\/\/www.diarioimagen.net\/wp-content\/uploads\/2017\/06\/TASAS23-portal-240x140.jpg 240w, https:\/\/www.diarioimagen.net\/wp-content\/uploads\/2017\/06\/TASAS23-portal.jpg 480w\" sizes=\"auto, (max-width: 460px) 100vw, 460px\" \/><p id=\"caption-attachment-331795\" class=\"wp-caption-text\">Banxico aument\u00f3 en 25 puntos base su tasa de inter\u00e9s de referencia, de 6.75 a 7 por ciento, su nivel m\u00e1s alto desde marzo de 2009.<\/p><\/div>\n<p>&nbsp;<\/p>\n<p>La Junta de Gobierno del Banco de M\u00e9xico (Banxico) aument\u00f3 en 25 puntos base el objetivo para la Tasa de Inter\u00e9s Interbancaria a un d\u00eda, a un nivel de 7.0 por ciento.<\/p>\n<p>De acuerdo con analistas, luego de conocerse los datos de inflaci\u00f3n en M\u00e9xico para la primera quincena de junio, la probabilidad de que el Banco central aumentara sus tasas de referencia era mucho mayor.<\/p>\n<p>Con esto, la tasa solo resulta inferior al 7.50 por ciento del 20 de febrero del a\u00f1o 2009.<\/p>\n<p>De acuerdo con la Junta de Gobierno la decisi\u00f3n de incrementar la tasa en su reuni\u00f3n de este jueves se efectu\u00f3 con el objetivo de fortalecer el anclaje de las expectativas de inflaci\u00f3n y reforzar la contribuci\u00f3n de la pol\u00edtica monetaria al proceso de convergencia de la inflaci\u00f3n a su meta.<\/p>\n<p>Tambi\u00e9n consider\u00f3 el incremento en el rango objetivo para la tasa de fondos federales por parte de la Reserva Federal en su decisi\u00f3n de junio.<\/p>\n<p>La Junta de Gobierno considera que con el incremento que anunciado ayer jueves, y tomando en cuenta la naturaleza transitoria de los choques que han impactado a las cifras de inflaci\u00f3n, la informaci\u00f3n con la que actualmente cuenta, el horizonte de tiempo en el que operan cabalmente los canales de transmisi\u00f3n de la pol\u00edtica monetaria, as\u00ed como las previsiones que se tienen sobre la econom\u00eda, el nivel alcanzado en la tasa de referencia es congruente con el proceso de convergencia eficiente de la inflaci\u00f3n al objetivo de 3.00 por ciento.<\/p>\n<p>No obstante, aclara, ante los riesgos que siguen presentes, la Junta de Gobierno estar\u00e1 vigilante para asegurar que se mantenga una postura monetaria prudente.<\/p>\n<p style=\"text-align: center;\"><strong>Crece inflaci\u00f3n a 6.30% en este mes <\/strong><\/p>\n<p>En los primeros 15 d\u00edas de junio, el \u00cdndice Nacional de Precios al Consumidor (INPC) aument\u00f3 0.15 por ciento, con lo que su tasa anual fue de 6.30 por ciento, la de mayor magnitud en 8 a\u00f1os y 5 meses, indican cifras del Instituto Nacional de Estad\u00edstica y Geograf\u00eda (Inegi).<\/p>\n<p>En la primera quincena de enero de 2009, el \u00cdndice aument\u00f3 6.36 por ciento respecto a la misma quincena del a\u00f1o anterior.<\/p>\n<p>En los primeros quince d\u00edas de junio de 2016 la variaci\u00f3n en los precios al consumidor result\u00f3 de 0.02 por ciento y en la medici\u00f3n anual fue de 2.55 por ciento, de acuerdo con los datos del Inegi.<\/p>\n<p>Entre los componentes del INPC del inicio de junio, el \u00edndice de precios subyacente -que excluye agropecuarios, energ\u00e9ticos y tarifas autorizadas por distintos \u00f3rdenes de gobierno- tuvo un avance de 0.17 por ciento quincenal y de 4.82 por ciento anual.<\/p>\n<p>En el \u00edndice de precios no subyacente se present\u00f3 una variaci\u00f3n quincenal de 0.09 por ciento y una tasa anual de 11.07 por ciento, algo que s\u00f3lo est\u00e1 por debajo del incremento de 11.50 por ciento de la segunda quincena de 2003.<\/p>\n<p>En el \u00edndice subyacente, las mercanc\u00edas subieron 6.31 por ciento en el \u00faltimo a\u00f1o, destacando alimentos, bebidas y tabaco, con un repunte de 6.87 por ciento, al incorporar el aumento de 0.26 por ciento quincenal.\u00a0 En servicios, el cambio quincenal fue de 0.16 por ciento y el anual de 3.56 por ciento.<\/p>\n<p>En el \u00edndice no subyacente, en la quincena de referencia, los precios de energ\u00e9ticos se movieron 0.19 por ciento, cifra que da como resultado un incremento anual de 15.63 por ciento, y en el caso de las frutas y verduras, el encarecimiento fue de 12.88 por ciento a tasa anual.<\/p>\n","protected":false},"excerpt":{"rendered":"<p>La Junta de Gobierno del Banco de M\u00e9xico (Banxico) aument\u00f3 en 25 puntos base el objetivo para la Tasa de Inter\u00e9s Interbancaria a un d\u00eda, a un nivel de 7.0 por ciento.<\/p>\n","protected":false},"author":5,"featured_media":331795,"comment_status":"open","ping_status":"open","sticky":false,"template":"","format":"standard","meta":{"_monsterinsights_skip_tracking":false,"_monsterinsights_sitenote_active":false,"_monsterinsights_sitenote_note":"","_monsterinsights_sitenote_category":0,"footnotes":""},"categories":[8],"tags":[1519,43678,193,45770],"class_list":["post-331794","post","type-post","status-publish","format-standard","has-post-thumbnail","hentry","category-finanzas","tag-banxico","tag-finanzas","tag-inegi","tag-reserva-federal"],"_links":{"self":[{"href":"https:\/\/www.diarioimagen.net\/index.php?rest_route=\/wp\/v2\/posts\/331794","targetHints":{"allow":["GET"]}}],"collection":[{"href":"https:\/\/www.diarioimagen.net\/index.php?rest_route=\/wp\/v2\/posts"}],"about":[{"href":"https:\/\/www.diarioimagen.net\/index.php?rest_route=\/wp\/v2\/types\/post"}],"author":[{"embeddable":true,"href":"https:\/\/www.diarioimagen.net\/index.php?rest_route=\/wp\/v2\/users\/5"}],"replies":[{"embeddable":true,"href":"https:\/\/www.diarioimagen.net\/index.php?rest_route=%2Fwp%2Fv2%2Fcomments&post=331794"}],"version-history":[{"count":0,"href":"https:\/\/www.diarioimagen.net\/index.php?rest_route=\/wp\/v2\/posts\/331794\/revisions"}],"wp:featuredmedia":[{"embeddable":true,"href":"https:\/\/www.diarioimagen.net\/index.php?rest_route=\/wp\/v2\/media\/331795"}],"wp:attachment":[{"href":"https:\/\/www.diarioimagen.net\/index.php?rest_route=%2Fwp%2Fv2%2Fmedia&parent=331794"}],"wp:term":[{"taxonomy":"category","embeddable":true,"href":"https:\/\/www.diarioimagen.net\/index.php?rest_route=%2Fwp%2Fv2%2Fcategories&post=331794"},{"taxonomy":"post_tag","embeddable":true,"href":"https:\/\/www.diarioimagen.net\/index.php?rest_route=%2Fwp%2Fv2%2Ftags&post=331794"}],"curies":[{"name":"wp","href":"https:\/\/api.w.org\/{rel}","templated":true}]}}