{"id":332211,"date":"2017-06-27T00:09:01","date_gmt":"2017-06-27T05:09:01","guid":{"rendered":"http:\/\/www.diarioimagen.net\/?p=332211"},"modified":"2017-06-27T23:20:00","modified_gmt":"2017-06-28T04:20:00","slug":"hallan-los-restos-calcinados-del-periodista-salvador-adame-pardo","status":"publish","type":"post","link":"https:\/\/www.diarioimagen.net\/?p=332211","title":{"rendered":"Hallan restos calcinados del periodista secuestrado"},"content":{"rendered":"<ul>\n<li><strong><em>Salvador Adame Pardo, desapareci\u00f3 el 18 de mayo<\/em><\/strong><\/li>\n<\/ul>\n<h6>Jos\u00e9 Luis Monta\u00f1ez<\/h6>\n<p>&nbsp;<\/p>\n<div id=\"attachment_332212\" style=\"width: 470px\" class=\"wp-caption aligncenter\"><img loading=\"lazy\" decoding=\"async\" aria-describedby=\"caption-attachment-332212\" class=\"wp-image-332212 size-large\" src=\"http:\/\/www.diarioimagen.net\/wp-content\/uploads\/2017\/06\/PERIODISTA27-portal-460x268.jpg\" alt=\"\" width=\"460\" height=\"268\" srcset=\"https:\/\/www.diarioimagen.net\/wp-content\/uploads\/2017\/06\/PERIODISTA27-portal-460x268.jpg 460w, https:\/\/www.diarioimagen.net\/wp-content\/uploads\/2017\/06\/PERIODISTA27-portal-240x140.jpg 240w, https:\/\/www.diarioimagen.net\/wp-content\/uploads\/2017\/06\/PERIODISTA27-portal.jpg 480w\" sizes=\"auto, (max-width: 460px) 100vw, 460px\" \/><p id=\"caption-attachment-332212\" class=\"wp-caption-text\">Los restos calcinados del periodista michoacano, Salvador Adame Pardo, fueron hallados cerca de la Barranca del Diablo, municipio de Gabriel Zamora.<\/p><\/div>\n<p>&nbsp;<\/p>\n<p>Fueron localizados los restos calcinados del periodista Salvador Adame Pardo, director de Canal 6 de Nueva Italia, municipio de M\u00fagica, quien el pasado 18 de mayo fue secuestrado por un grupo armado en esa localidad.<\/p>\n<p>En conferencia de prensa, el titular de la Procuradur\u00eda General de Justicia del Estado (PGJE), Jos\u00e9 Mart\u00edn Godoy Castro dijo que los restos estaban cerca de la Barranca del Diablo, a un costado de la carretera libre, Uruapan-Nueva Italia, y que la identidad del comunicador fue comprobada mediante la realizaci\u00f3n de pruebas de ADN.<\/p>\n<p>Inform\u00f3 que un sujeto identificado como Daniel Rubio Ruiz, apodado \u201cEl Cabezas\u201d, detenido hace una semana acusado del delito de secuestro, fue el que dio informaci\u00f3n sobre el caso.<\/p>\n<p>Su declaraci\u00f3n arroj\u00f3 datos relacionados a la privaci\u00f3n de la libertad de Salvador Adame, como el hecho de que \u201cEl Cabezas\u201d lo ve\u00eda y se refer\u00eda a \u00e9l como su primo, debido a que vivieron juntos durante la infancia. Es decir, la madre de \u201cEl Cabezas\u201d se hizo cargo de la crianza de Salvador Adame desde su ni\u00f1ez.<\/p>\n<p>El detenido se\u00f1al\u00f3 que al enterarse de la desaparici\u00f3n comenz\u00f3 a buscarlo y fue as\u00ed que, a trav\u00e9s de \u201cEl Cenizo\u201d, contacta a un presunto cabecilla de una c\u00e9lula delincuencial que opera en la regi\u00f3n de Tierra Caliente, con iniciales F.L.R., a quien apodan \u201cEl Chano Pe\u00f1a\u201d.\u00a0 De acuerdo a la entrevista, \u201cEl Chano Pe\u00f1a\u201d fue quien orden\u00f3 privar de la libertad a Salvador Adame para despu\u00e9s darle muerte y quemar el cuerpo.<\/p>\n<p>El posible m\u00f3vil del hecho, seg\u00fan esta declaraci\u00f3n, fue por problemas de tipo personal entre la v\u00edctima y el mencionado \u201cChano Pe\u00f1a\u201d, lo cual pudiera tener relaci\u00f3n con mensajes identificados en el tel\u00e9fono de Salvador Adame, donde recibe insultos y lo confrontan, mensajes que siguen siendo materia de investigaci\u00f3n.<\/p>\n<p style=\"text-align: center;\"><strong>Condena de la SIP<\/strong><\/p>\n<p>La Sociedad Interamericana de Prensa (SIP) conden\u00f3 el asesinato del periodista Salvador Adame Pardo, quien hab\u00eda permanecido m\u00e1s de un mes desaparecido.<\/p>\n<p>El comunicador era conocido por sus cr\u00edticas contra el presidente municipal\u00a0 de Francisco J. M\u00fagica, refiri\u00f3 la SIP.<\/p>\n<p style=\"text-align: center;\"><strong>Otro m\u00e1s a la lista<\/strong><\/p>\n<p>Adame Pardo es el s\u00e9ptimo periodista asesinado en M\u00e9xico desde el 2 de marzo. Los otros seis ultimados son: Javier Valdez C\u00e1rdenas, cofundador del semanario <em>Riodoce<\/em> (15 de mayo), Filiberto \u00c1lvarez Landeros, locutor en Tlaquiltenango, Morelos (29 de abril); Maximino Rodr\u00edguez Palacios, del portal\u00a0 <em>Colectivo Peric\u00fa<\/em>, en Baja California Sur (14 de abril), y Miroslava Breach Velducea, corresponsal de <em>La Jornada<\/em> en Ciudad Ju\u00e1rez (23 de marzo).<\/p>\n<p>Asimismo, Ricardo Monlui Cabrera, director del portal <em>El Pol\u00edtico<\/em> y editor de la columna <em>Crisol<\/em> de<em> El Sol de C\u00f3rdoba<\/em>,\u00a0 (19 de marzo) y Cecilio Pineda Birto, de <em>La Voz de Tierra Caliente<\/em>,\u00a0 (2 de marzo).<\/p>\n<p>&nbsp;<\/p>\n","protected":false},"excerpt":{"rendered":"<p><span style=\"color: #005497;\">Jos\u00e9 Luis Monta\u00f1ez<\/span><br \/>\n<br \/>\nFueron localizados los restos calcinados del periodista Salvador Adame Pardo, director de Canal 6 de Nueva Italia, municipio de M\u00fagica, quien el pasado 18 de mayo fue secuestrado por un grupo armado en esa localidad.<\/p>\n","protected":false},"author":5,"featured_media":332212,"comment_status":"open","ping_status":"open","sticky":false,"template":"","format":"standard","meta":{"_monsterinsights_skip_tracking":false,"_monsterinsights_sitenote_active":false,"_monsterinsights_sitenote_note":"","_monsterinsights_sitenote_category":0,"footnotes":""},"categories":[7],"tags":[27400,803,43673,11870,14776,3310,43677],"class_list":["post-332211","post","type-post","status-publish","format-standard","has-post-thumbnail","hentry","category-seguridad","tag-calcinado","tag-michoacan","tag-nacional","tag-periodista","tag-restos","tag-secuestro","tag-seguridad"],"_links":{"self":[{"href":"https:\/\/www.diarioimagen.net\/index.php?rest_route=\/wp\/v2\/posts\/332211","targetHints":{"allow":["GET"]}}],"collection":[{"href":"https:\/\/www.diarioimagen.net\/index.php?rest_route=\/wp\/v2\/posts"}],"about":[{"href":"https:\/\/www.diarioimagen.net\/index.php?rest_route=\/wp\/v2\/types\/post"}],"author":[{"embeddable":true,"href":"https:\/\/www.diarioimagen.net\/index.php?rest_route=\/wp\/v2\/users\/5"}],"replies":[{"embeddable":true,"href":"https:\/\/www.diarioimagen.net\/index.php?rest_route=%2Fwp%2Fv2%2Fcomments&post=332211"}],"version-history":[{"count":0,"href":"https:\/\/www.diarioimagen.net\/index.php?rest_route=\/wp\/v2\/posts\/332211\/revisions"}],"wp:featuredmedia":[{"embeddable":true,"href":"https:\/\/www.diarioimagen.net\/index.php?rest_route=\/wp\/v2\/media\/332212"}],"wp:attachment":[{"href":"https:\/\/www.diarioimagen.net\/index.php?rest_route=%2Fwp%2Fv2%2Fmedia&parent=332211"}],"wp:term":[{"taxonomy":"category","embeddable":true,"href":"https:\/\/www.diarioimagen.net\/index.php?rest_route=%2Fwp%2Fv2%2Fcategories&post=332211"},{"taxonomy":"post_tag","embeddable":true,"href":"https:\/\/www.diarioimagen.net\/index.php?rest_route=%2Fwp%2Fv2%2Ftags&post=332211"}],"curies":[{"name":"wp","href":"https:\/\/api.w.org\/{rel}","templated":true}]}}