{"id":332413,"date":"2017-06-28T00:07:44","date_gmt":"2017-06-28T05:07:44","guid":{"rendered":"http:\/\/www.diarioimagen.net\/?p=332413"},"modified":"2017-06-28T00:03:10","modified_gmt":"2017-06-28T05:03:10","slug":"continuara-el-cinturon-apretado-en-2018-meade","status":"publish","type":"post","link":"https:\/\/www.diarioimagen.net\/?p=332413","title":{"rendered":"Continuar\u00e1 <em>cintur\u00f3n apretado <\/em>el pr\u00f3ximo a\u00f1o, advierte Meade"},"content":{"rendered":"<ul>\n<li><strong><em>Aunque en menor medida<\/em><\/strong><\/li>\n<\/ul>\n<p>&nbsp;<\/p>\n<div id=\"attachment_332414\" style=\"width: 470px\" class=\"wp-caption aligncenter\"><img loading=\"lazy\" decoding=\"async\" aria-describedby=\"caption-attachment-332414\" class=\"wp-image-332414 size-large\" src=\"http:\/\/www.diarioimagen.net\/wp-content\/uploads\/2017\/06\/MEADE28-portal-460x268.jpg\" alt=\"\" width=\"460\" height=\"268\" srcset=\"https:\/\/www.diarioimagen.net\/wp-content\/uploads\/2017\/06\/MEADE28-portal-460x268.jpg 460w, https:\/\/www.diarioimagen.net\/wp-content\/uploads\/2017\/06\/MEADE28-portal-240x140.jpg 240w, https:\/\/www.diarioimagen.net\/wp-content\/uploads\/2017\/06\/MEADE28-portal.jpg 480w\" sizes=\"auto, (max-width: 460px) 100vw, 460px\" \/><p id=\"caption-attachment-332414\" class=\"wp-caption-text\">Los ajustes al gasto p\u00fablico continuar\u00e1n en 2018, anuncia el secretario de Hacienda, Jos\u00e9 Antonio Meade.<\/p><\/div>\n<p>&nbsp;<\/p>\n<p>El secretario de Hacienda y Cr\u00e9dito P\u00fablico (SHCP), Jos\u00e9 Antonio Meade Kuribre\u00f1a, afirm\u00f3 que los ajustes al gasto p\u00fablico continuar\u00e1n en 2018, aunque en menor medida.<\/p>\n<p>Entrevistado luego de la presentaci\u00f3n del Programa de Financiamiento para el Turismo Rural, el funcionario federal se\u00f1al\u00f3 que \u201cseguir\u00e1 apretado el cintur\u00f3n, tendremos que seguir haciendo esfuerzos, la consolidaci\u00f3n fiscal va a requerir de ajustes, insisto, de menor grado de los que hemos hecho en el pasado\u201d.<\/p>\n<p>Asegur\u00f3 que dichos ajustes al gasto permitir\u00e1n que M\u00e9xico se ubique entre los pa\u00edses latinoamericanos que van adelante de su curva de consolidaci\u00f3n fiscal, lo que ayudar\u00e1 a tener m\u00e1s certeza en las finanzas p\u00fablicas y dar\u00e1 ventajas competitivas en un entorno externo que seguir\u00e1 vol\u00e1til y adverso.<\/p>\n<p>Meade Kuribre\u00f1a precis\u00f3 que esto permitir\u00e1 reducir el endeudamiento nuevo en 0.4 por ciento del Producto Interno Bruto (requerimientos financieros) para bajar el d\u00e9ficit fiscal.<\/p>\n<p>Reiter\u00f3 que \u201ceste ajuste habr\u00e1 de ser menor que el que tuvimos en 2016 para 2017 y en 2015 paral 2016, cuando nos fuimos moviendo de d\u00e9ficits de 4.6 por ciento para alcanzar el 2.5 por ciento que habremos de lograr en 2018\u201d.<\/p>\n<p>De acuerdo con los Precriterios de Pol\u00edtica Econ\u00f3mica 2018, que se presentaron al Congreso de la Uni\u00f3n hace unos meses, se consider\u00f3 un ajuste de 48 mil millones de pesos, aunque habr\u00e1 que revisarse la cifra.<\/p>\n<p>El secretario Meade Kuribre\u00f1a destac\u00f3 que la dependencia entregar\u00e1 el Paquete Econ\u00f3mico 2018 a m\u00e1s tardar el pr\u00f3ximo 8 de septiembre y se buscar\u00e1 que refleje de manera m\u00e1s cercana las condiciones econ\u00f3micas que se esperan para el siguiente a\u00f1o.<\/p>\n<p>\u201cEn t\u00e9rminos generales tendremos este a\u00f1o un d\u00e9ficit conforme al presupuesto de 2.9 por ciento del PIB y el a\u00f1o que entra deberemos alcanzar un d\u00e9ficit de 2.5 por ciento, para terminar el programa de consolidaci\u00f3n fiscal que hab\u00edamos comprometido\u201d.<\/p>\n<p>Lo anterior, abund\u00f3, implicar\u00e1 \u201cun menor nivel de gasto, no sabemos todav\u00eda, ser\u00e1 seguramente menor al 0.4 por ciento del PIB, pero no lo podemos calcular hasta saber c\u00f3mo evolucionan los ingresos y c\u00f3mo se ve el crecimiento, y las presiones que tengamos, por ejemplo, por el crecimiento de las pensiones dentro del paquete\u201d.<\/p>\n<p>Afirm\u00f3 que el presupuesto base cero es el que permiti\u00f3 hacer todos estos ajustes para transitar de un d\u00e9ficit de 4.6 a 2.5 por ciento.<\/p>\n<p>&nbsp;<\/p>\n","protected":false},"excerpt":{"rendered":"<p>El secretario de Hacienda y Cr\u00e9dito P\u00fablico (SHCP), Jos\u00e9 Antonio Meade Kuribre\u00f1a, afirm\u00f3 que los ajustes al gasto p\u00fablico continuar\u00e1n en 2018, aunque en menor medida.<\/p>\n","protected":false},"author":5,"featured_media":332414,"comment_status":"open","ping_status":"open","sticky":false,"template":"","format":"standard","meta":{"_monsterinsights_skip_tracking":false,"_monsterinsights_sitenote_active":false,"_monsterinsights_sitenote_note":"","_monsterinsights_sitenote_category":0,"footnotes":""},"categories":[8],"tags":[43678,26429,2805],"class_list":["post-332413","post","type-post","status-publish","format-standard","has-post-thumbnail","hentry","category-finanzas","tag-finanzas","tag-jose-antonio-meade-kuribrena","tag-producto-interno-bruto"],"_links":{"self":[{"href":"https:\/\/www.diarioimagen.net\/index.php?rest_route=\/wp\/v2\/posts\/332413","targetHints":{"allow":["GET"]}}],"collection":[{"href":"https:\/\/www.diarioimagen.net\/index.php?rest_route=\/wp\/v2\/posts"}],"about":[{"href":"https:\/\/www.diarioimagen.net\/index.php?rest_route=\/wp\/v2\/types\/post"}],"author":[{"embeddable":true,"href":"https:\/\/www.diarioimagen.net\/index.php?rest_route=\/wp\/v2\/users\/5"}],"replies":[{"embeddable":true,"href":"https:\/\/www.diarioimagen.net\/index.php?rest_route=%2Fwp%2Fv2%2Fcomments&post=332413"}],"version-history":[{"count":0,"href":"https:\/\/www.diarioimagen.net\/index.php?rest_route=\/wp\/v2\/posts\/332413\/revisions"}],"wp:featuredmedia":[{"embeddable":true,"href":"https:\/\/www.diarioimagen.net\/index.php?rest_route=\/wp\/v2\/media\/332414"}],"wp:attachment":[{"href":"https:\/\/www.diarioimagen.net\/index.php?rest_route=%2Fwp%2Fv2%2Fmedia&parent=332413"}],"wp:term":[{"taxonomy":"category","embeddable":true,"href":"https:\/\/www.diarioimagen.net\/index.php?rest_route=%2Fwp%2Fv2%2Fcategories&post=332413"},{"taxonomy":"post_tag","embeddable":true,"href":"https:\/\/www.diarioimagen.net\/index.php?rest_route=%2Fwp%2Fv2%2Ftags&post=332413"}],"curies":[{"name":"wp","href":"https:\/\/api.w.org\/{rel}","templated":true}]}}