{"id":332511,"date":"2017-06-28T00:01:54","date_gmt":"2017-06-28T05:01:54","guid":{"rendered":"http:\/\/www.diarioimagen.net\/?p=332511"},"modified":"2017-06-29T01:04:24","modified_gmt":"2017-06-29T06:04:24","slug":"a-partir-del-15-de-noviembre-copa-airlines-iniciara-vuelos-directos-a-mendoza-desde-el-hub-de-las-americas-en-la-ciudad-de-panama","status":"publish","type":"post","link":"https:\/\/www.diarioimagen.net\/?p=332511","title":{"rendered":"A partir del 15 de noviembre, <em>Copa Airlines<\/em> iniciar\u00e1 vuelos directos a Mendoza desde el Hub de las Am\u00e9ricas en la Ciudad de Panam\u00e1"},"content":{"rendered":"<h2>De cinco estrellas<\/h2>\n<h5>Victoria Gonz\u00e1lez Prado<\/h5>\n<p><strong>\u00a0<\/strong><\/p>\n<ul>\n<li><em><strong>Un <\/strong><\/em><strong>Cayenne<\/strong><em><strong> de serie, arrastra un Airbus 380 de 285 toneladas, es el nuevo r\u00e9cord Guinness mundial el <\/strong><\/em><strong>Paris Air Show 2017<\/strong><\/li>\n<li><em><strong>\u00bfSab\u00edas que el Atl\u00e9tico de Madrid y Riviera Nayarit organizan por primera vez en M\u00e9xico el \u201cSoccer Summer Camp\u201d<\/strong><\/em><\/li>\n<\/ul>\n<p>&nbsp;<\/p>\n<div id=\"attachment_332580\" style=\"width: 470px\" class=\"wp-caption aligncenter\"><a href=\"http:\/\/www.diarioimagen.net\/?attachment_id=332580\" rel=\"attachment wp-att-332580\"><img loading=\"lazy\" decoding=\"async\" aria-describedby=\"caption-attachment-332580\" class=\"size-large wp-image-332580\" src=\"http:\/\/www.diarioimagen.net\/wp-content\/uploads\/2017\/06\/turismo-3151-460x259.jpg\" alt=\"\" width=\"460\" height=\"259\" srcset=\"https:\/\/www.diarioimagen.net\/wp-content\/uploads\/2017\/06\/turismo-3151-460x259.jpg 460w, https:\/\/www.diarioimagen.net\/wp-content\/uploads\/2017\/06\/turismo-3151-240x135.jpg 240w, https:\/\/www.diarioimagen.net\/wp-content\/uploads\/2017\/06\/turismo-3151-235x132.jpg 235w, https:\/\/www.diarioimagen.net\/wp-content\/uploads\/2017\/06\/turismo-3151-202x114.jpg 202w, https:\/\/www.diarioimagen.net\/wp-content\/uploads\/2017\/06\/turismo-3151-350x196.jpg 350w, https:\/\/www.diarioimagen.net\/wp-content\/uploads\/2017\/06\/turismo-3151-220x123.jpg 220w, https:\/\/www.diarioimagen.net\/wp-content\/uploads\/2017\/06\/turismo-3151-237x132.jpg 237w, https:\/\/www.diarioimagen.net\/wp-content\/uploads\/2017\/06\/turismo-3151.jpg 480w\" sizes=\"auto, (max-width: 460px) 100vw, 460px\" \/><\/a><p id=\"caption-attachment-332580\" class=\"wp-caption-text\">El <em>Hub<\/em> de las Am\u00e9ricas, en Panam\u00e1.<\/p><\/div>\n<p>&nbsp;<\/p>\n<p>San Pancho, en Riviera Nayarit, y La <em>Patrona Polo &amp; Equestrian Club<\/em> fueron elegidos como la sede del primer Campus de la Academia.<\/p>\n<p>El Atl\u00e9tico de Madrid, el equipo con m\u00e1s t\u00edtulos a nivel internacional durante sus 110 a\u00f1os de historia, llega a Riviera Nayarit para ofrecer una experiencia ultra fant\u00e1stica con el escenario perfecto para los peque\u00f1os y adolecentes amantes del deporte en compa\u00f1\u00eda de sus \u00eddolos futbol\u00edsticos vivan una experiencia de otro mundo.<\/p>\n<p>Con este primer Campus de la academia en Nayarit se busca educar y crear una conciencia acerca de h\u00e1bitos deportivos, higi\u00e9nicos y diet\u00e9ticos, con base en la filosof\u00eda del Club, y que mejor que los miembros del equipo del Atl\u00e9tico Madrid para compartirlo contigo. Esta oportunidad incluye la opci\u00f3n a vivir una experiencia de la mano del Club Atl\u00e9tico, visitando sus instalaciones deportivas en Madrid y disputando partidos amistosos con equipos de la Academia.<\/p>\n<p>Los asistentes trabajar\u00e1n en equipo con chicos de ocho hasta 18 a\u00f1os, a trav\u00e9s de diferentes actividades deportivas futbol\u00edsticas.<\/p>\n<p>Los asistentes recibir\u00e1n: <em>Welcome Pack<\/em> del Atl\u00e9tico de Madrid y La Patrona. Programa Deportivo Oficial del Atl\u00e9tico de Madrid. Instrucci\u00f3n biling\u00fce con personal Oficial del Club (Supervisor Deportivo, Entrenador, Preparador f\u00edsico) que viene desde Espa\u00f1a a impartir el curso.<\/p>\n<p>Entrenadores: Daniel Limones Garc\u00eda, David Gal\u00e1n Guti\u00e9rrez, Francisco Javier Barroso Preto,\u00a0 Sergio \u200bL\u00f3pez S\u00e1nchez. Diploma Oficial Acreditativo del Campus del Atl\u00e9tico de Madrid. Descuentos y promociones en la tienda oficial del Club. Opci\u00f3n a vivir una experiencia de la mano del Club Atl\u00e9tico, visitando sus instalaciones deportivas en Madrid y disputando partidos amistosos con equipos de la Academia.<\/p>\n<p>Los pap\u00e1s que acompa\u00f1en a los ni\u00f1os y j\u00f3venes podr\u00e1n conocer las instalaciones del Club o visitar el Pueblo de San Pancho, una de las zonas m\u00e1s atractivas de Riviera Nayarit.<\/p>\n<p>\u2730\u2730\u2730\u2730\u2730 Un <em>Cayenne<\/em> de serie, arrastra un <em>Airbus 380<\/em> de 285 toneladas a lo largo de\u00a042 metros en el aeropuerto Charles de Gaulle de Par\u00eds, con lo cual se estableci\u00f3 un nuevo r\u00e9cord <em>Guinness,\u00a0<\/em>al convertirse en el veh\u00edculo de producci\u00f3n en serie que arrastra al avi\u00f3n m\u00e1s pesado.<\/p>\n<p>El deportivo de cuatro puertas, conducido por el t\u00e9cnico de <em>Porsche <\/em><strong>Richard Payne<em>,<\/em><\/strong> arrastr\u00f3 el avi\u00f3n de <em>Air France<strong>,<\/strong><\/em> que es 115 toneladas m\u00e1s pesado que la aeronave con la que fue establecido el r\u00e9cord anterior.<\/p>\n<p>Para este proyecto, la aerol\u00ednea francesa dedic\u00f3 su m\u00e1s moderno hangar y uno de los 10 aviones <em>A380 <\/em>de su flota, el \u00a0cual es de 60.000 m\u00b2 y es lo suficientemente grande como para albergar m\u00e1s de 3.000 ejemplares del <em>Cayenne.<\/em><\/p>\n<p>La diferencia entre las dos m\u00e1quinas fue sorprendente; el <em>Porsche Cayenne<\/em> de 4,8 metros de longitud fue conectado con el avi\u00f3n de pasajeros m\u00e1s grande del mundo, el <em>Airbus A380<\/em> de 73 metros mediante un accesorio de remolque especial que fue instalado en la barra de remolque est\u00e1ndar del <em>Cayenne<strong>.<\/strong><\/em> De acuerdo con las reglas aplicadas por <em>Guinness World Records,<\/em> la prueba fue supervisada por ingenieros independientes de <em>UTAC CERAM.<\/em><\/p>\n<p>Despu\u00e9s de que el r\u00e9cord fue fijado, se llevaron a cabo pruebas de funcionamiento y an\u00e1lisis de cada componente importante y del sistema electr\u00f3nico del veh\u00edculo para certificar que se trataba de un autom\u00f3vil de producci\u00f3n en\u00a0serie.<\/p>\n<p>\u2730\u2730\u2730\u2730\u2730 Un nuevo vuelo directo entre la Ciudad de Panam\u00e1 y Mendoza, en Argentina, es el que Copa Airlines empezar\u00e1 a operar a partir del pr\u00f3ximo 15 de noviembre, con cuatro frecuencias semanales entre ambas ciudades, fortaleci\u00e9ndose de forma importante la conectividad de Argentina con el resto del Continente.<\/p>\n<p><strong>Pedro Heilbron<\/strong>, presidente ejecutivo de la compa\u00f1\u00eda a\u00e9rea \u201ccon la apertura de la ruta hacia Mendoza, iniciamos un nuevo cap\u00edtulo en la conectividad de la Argentina con las Am\u00e9ricas.\u00a0Desde hace 18 a\u00f1os servimos a este importante pa\u00eds, conectando\u00a0con el resto del Continente, a trav\u00e9s de nuestro <em>Hub <\/em>de las Am\u00e9ricas, a Buenos Aires, C\u00f3rdoba, Rosario y, ahora, a Mendoza, abriendo cuatro puertas de entrada para el desarrollo tur\u00edstico, econ\u00f3mico y para la generaci\u00f3n de empleo en Argentina\u201d.<\/p>\n<p><strong>Heilbron<\/strong> tambi\u00e9n destac\u00f3 que \u201cMendoza es una de las provincias m\u00e1s ricas de Argentina, debido a que ofrece m\u00faltiples y variados atractivos tur\u00edsticos a lo largo de todo el a\u00f1o, atrayendo a numerosos visitantes. Gracias a la apertura de esta nueva ruta, todo el continente americano podr\u00e1 visitar las provincias del noreste argentino, potenciando la industria tur\u00edstica y la econom\u00eda regional\u201d.<\/p>\n<p>Por su parte el ministro de Turismo de Argentina, <strong>Gustavo Santos<\/strong>, expres\u00f3: \u201ccelebramos desde todo el sector tur\u00edstico argentino, la posibilidad de conectarnos con el resto del mundo. Mendoza se suma a la conectividad total que <em>Copa Airlines<\/em> tiene en nuestro pa\u00eds. Vuelos directos con Buenos Aires, Rosario, C\u00f3rdoba y Mendoza permiten a los turistas llegar a la Argentina de modo directo sin la necesidad de pasar por la capital del pa\u00eds, consolidando la visi\u00f3n federal que tenemos desde el turismo como actividad productiva\u201d.<\/p>\n<p>El vuelo operar\u00e1 inicialmente con cuatro frecuencias semanales lunes, mi\u00e9rcoles, viernes y domingo, saliendo a las 3:40 p.m. del Aeropuerto Internacional de Tocumen, en Panam\u00e1, y llegando a las 12:21 a.m. al Aeropuerto Internacional El Plumerillo en Mendoza, Argentina. El vuelo de regreso, partir\u00e1 los d\u00edas lunes, martes, jueves y s\u00e1bados a la 1:34 a.m., llegando a Panam\u00e1 a las 6:30 a.m.<\/p>\n<p>Mendoza, es la cuarta provincia con mayor n\u00famero de habitantes de Argentina, fue declarada como \u201cLa d\u00e9cima capital del vino\u201d por la Red Global del Vino, que incluy\u00f3 a esta regi\u00f3n entre los principales centros vitivin\u00edcolas a nivel global. La decisi\u00f3n fue tomada en la ciudad francesa de Burdeos por esta destacada Red que tiene como objetivo establecer relaciones entre sus miembros, en temas vitivin\u00edcolas y en lo referente a cultura, turismo, educaci\u00f3n, investigaci\u00f3n y mercadotecnia.<\/p>\n<p>Situada en el oeste de la Argentina en la regi\u00f3n del Nuevo Cuyo, cuenta con importantes atractivos culturales y tur\u00edsticos. Uno de ellos es la Fiesta Nacional de la Vendimia, nombrada por la <em>National Geographic Society<\/em> como la segunda fiesta de la cosecha m\u00e1s importante del mundo, detr\u00e1s del D\u00eda de Acci\u00f3n de Gracias celebrado en los Estados Unidos, y considerada por sus desfiles como una de las cinco festividades m\u00e1s importantes, junto al Carnaval de R\u00edo de Janeiro y al Carnaval de Venecia, entre otros. Adem\u00e1s, la Cordillera de los Andes atrae a argentinos y extranjeros interesados en ver los paisajes monta\u00f1osos y realizar actividades deportivas como andinismo, <em>rafting<\/em> o esqu\u00ed.<\/p>\n<p>Fundada en 1947, la aerol\u00ednea paname\u00f1a transport\u00f3 m\u00e1s de 12,8 millones de pasajeros en 2016. Actualmente, opera un promedio de 350 salidas y llegadas diarias desde su <em>Hub<\/em> de las Am\u00e9ricas, ubicado en Panam\u00e1 con m\u00e1s conexiones internacionales de Am\u00e9rica Latina.<\/p>\n<p><em><a href=\"mailto:victoriagprado@gmail.com\" target=\"_blank\" rel=\"noopener noreferrer\">victoriagprado@gmail.com<\/a><\/em><br \/>\n<em> Twitter: <a href=\"https:\/\/twitter.com\/victoriagprado\" target=\"_blank\" rel=\"noopener noreferrer\">@victoriagprado<\/a><\/em><\/p>\n","protected":false},"excerpt":{"rendered":"<p>San Pancho, en Riviera Nayarit, y <em>La Patrona Polo &#038; Equestrian Club<\/em> fueron elegidos como la sede del primer Campus de la Academia.<\/p>\n","protected":false},"author":3,"featured_media":332580,"comment_status":"open","ping_status":"open","sticky":false,"template":"","format":"standard","meta":{"_monsterinsights_skip_tracking":false,"_monsterinsights_sitenote_active":false,"_monsterinsights_sitenote_note":"","_monsterinsights_sitenote_category":0,"footnotes":""},"categories":[11],"tags":[107,43674,43681,106],"class_list":["post-332511","post","type-post","status-publish","format-standard","has-post-thumbnail","hentry","category-turismo","tag-de-cinco-estrellas","tag-opinion","tag-turismo","tag-victoria-gonzalez-prado"],"_links":{"self":[{"href":"https:\/\/www.diarioimagen.net\/index.php?rest_route=\/wp\/v2\/posts\/332511","targetHints":{"allow":["GET"]}}],"collection":[{"href":"https:\/\/www.diarioimagen.net\/index.php?rest_route=\/wp\/v2\/posts"}],"about":[{"href":"https:\/\/www.diarioimagen.net\/index.php?rest_route=\/wp\/v2\/types\/post"}],"author":[{"embeddable":true,"href":"https:\/\/www.diarioimagen.net\/index.php?rest_route=\/wp\/v2\/users\/3"}],"replies":[{"embeddable":true,"href":"https:\/\/www.diarioimagen.net\/index.php?rest_route=%2Fwp%2Fv2%2Fcomments&post=332511"}],"version-history":[{"count":0,"href":"https:\/\/www.diarioimagen.net\/index.php?rest_route=\/wp\/v2\/posts\/332511\/revisions"}],"wp:featuredmedia":[{"embeddable":true,"href":"https:\/\/www.diarioimagen.net\/index.php?rest_route=\/wp\/v2\/media\/332580"}],"wp:attachment":[{"href":"https:\/\/www.diarioimagen.net\/index.php?rest_route=%2Fwp%2Fv2%2Fmedia&parent=332511"}],"wp:term":[{"taxonomy":"category","embeddable":true,"href":"https:\/\/www.diarioimagen.net\/index.php?rest_route=%2Fwp%2Fv2%2Fcategories&post=332511"},{"taxonomy":"post_tag","embeddable":true,"href":"https:\/\/www.diarioimagen.net\/index.php?rest_route=%2Fwp%2Fv2%2Ftags&post=332511"}],"curies":[{"name":"wp","href":"https:\/\/api.w.org\/{rel}","templated":true}]}}