{"id":332612,"date":"2017-06-29T00:08:47","date_gmt":"2017-06-29T05:08:47","guid":{"rendered":"http:\/\/www.diarioimagen.net\/?p=332612"},"modified":"2017-06-30T03:08:31","modified_gmt":"2017-06-30T08:08:31","slug":"apoya-edomex-uso-medicinal-de-marihuana-eruviel-avila","status":"publish","type":"post","link":"https:\/\/www.diarioimagen.net\/?p=332612","title":{"rendered":"Apoya Edomex uso medicinal de la mariguana: Eruviel \u00c1vila"},"content":{"rendered":"<ul>\n<li><strong><em>En espera la publicaci\u00f3n del reglamento, a cargo de la Cofepris<\/em><\/strong><\/li>\n<\/ul>\n<p>&nbsp;<\/p>\n<div id=\"attachment_332613\" style=\"width: 470px\" class=\"wp-caption aligncenter\"><img loading=\"lazy\" decoding=\"async\" aria-describedby=\"caption-attachment-332613\" class=\"size-large wp-image-332613\" src=\"http:\/\/www.diarioimagen.net\/wp-content\/uploads\/2017\/06\/ERUVIEL29-portal-460x268.jpg\" alt=\"\" width=\"460\" height=\"268\" srcset=\"https:\/\/www.diarioimagen.net\/wp-content\/uploads\/2017\/06\/ERUVIEL29-portal-460x268.jpg 460w, https:\/\/www.diarioimagen.net\/wp-content\/uploads\/2017\/06\/ERUVIEL29-portal-240x140.jpg 240w, https:\/\/www.diarioimagen.net\/wp-content\/uploads\/2017\/06\/ERUVIEL29-portal.jpg 480w\" sizes=\"auto, (max-width: 460px) 100vw, 460px\" \/><p id=\"caption-attachment-332613\" class=\"wp-caption-text\">Eruviel \u00c1vila anunci\u00f3 que, en su calidad de coordinador de la Comisi\u00f3n de Salud de la Conago impulsar\u00e1 uso medicinal de la mariguana.<\/p><\/div>\n<p>&nbsp;<\/p>\n<p><strong>Toluca, Estado de M\u00e9xico<\/strong>.- El gobernador Eruviel \u00c1vila Villegas se pronunci\u00f3 a favor de la aprobaci\u00f3n del uso de <em>cannabis<\/em> con fines medicinales y anunci\u00f3 que el Estado de M\u00e9xico ya solicit\u00f3 al sector salud federal atender a pacientes mexiquenses con enfermedades cr\u00f3nico-degenerativas, mediante el uso medicinal de la mariguana, por lo que dijo que la entidad apoyar\u00e1 esta nueva normatividad aprobada en el Congreso de la Uni\u00f3n, pues los beneficios de esta planta en ciertos padecimientos est\u00e1n comprobados cient\u00edficamente.<\/p>\n<p>\u201cEl Estado de M\u00e9xico desde luego que va a ser una de las primeras entidades en ofrecer esta opci\u00f3n de tratamiento en los pacientes con padecimientos como es el c\u00e1ncer, especialmente haciendo \u00e9nfasis para nuestros ni\u00f1os.<\/p>\n<p>\u201cEl Estado de M\u00e9xico se apega, se suma, apoya esta medida y adem\u00e1s de apoyarla estamos ya actuando para que una vez publicado el reglamento y una vez que tengamos la posibilidad de hacer uso de esta medicina, se pueda aplicar, beneficiar a quienes as\u00ed lo requieran\u201d, expres\u00f3.<\/p>\n<p>Al entregar los premios de tres cert\u00e1menes de literatura, Eruviel \u00c1vila anunci\u00f3 que, en su calidad de coordinador de la Comisi\u00f3n de Salud de la Conferencia Nacional de Gobernadores (Conago) impulsar\u00e1 esta normatividad, a efecto de que todas las entidades del pa\u00eds puedan beneficiar a pacientes que requieren de estas nuevas opciones m\u00e9dicas y con ello mejorar la calidad de vida de miles de personas.<\/p>\n<p>En el Sal\u00f3n del Pueblo de Palacio de Gobierno, el mandatario estatal se\u00f1al\u00f3 que el Estado de M\u00e9xico espera la publicaci\u00f3n del reglamento por parte de Cofepris para el uso medicinal de esta planta, y celebr\u00f3 que el proceso para su aprobaci\u00f3n se diera escuchando todas las voces y pensando en el beneficio de personas con padecimientos como migra\u00f1a, c\u00e1ncer, esclerosis o glaucoma.<\/p>\n<p>Asimismo, Eruviel \u00c1vila instruy\u00f3 al Instituto de Salud del Estado de M\u00e9xico (ISEM) y al Instituto de Seguridad Social del Estado de M\u00e9xico y Municipios (ISSEMyM), trabajar en coordinaci\u00f3n con el sector salud federal para su implementaci\u00f3n que permitir\u00e1 a nuestro pa\u00eds, ponerse a la par de naciones como Estados Unidos, Canad\u00e1, Argentina o Reino Unido, que ya hacen uso de esta planta para fines m\u00e9dicos, y adem\u00e1s se aprovechar\u00e1n los beneficios para este fin, que la ciencia ha descubierto en la mariguana.<\/p>\n<p><strong>###<br \/>\n<\/strong><\/p>\n<p><strong>Eruviel \u00c1vila anunci\u00f3 que, <\/strong>en su calidad de coordinador de la Comisi\u00f3n de Salud de la Conago, impulsar\u00e1 uso medicinal de la mariguana.<\/p>\n<p>&nbsp;<\/p>\n<p>&nbsp;<\/p>\n","protected":false},"excerpt":{"rendered":"<p>El gobernador Eruviel \u00c1vila Villegas se pronunci\u00f3 a favor de la aprobaci\u00f3n del uso de cannabis con fines medicinales y anunci\u00f3 que el Estado de M\u00e9xico ya solicit\u00f3 al sector salud federal atender a pacientes mexiquenses con enfermedades cr\u00f3nico-degenerativas, mediante el uso medicinal de la mariguana, por lo que dijo que la entidad apoyar\u00e1 esta nueva normatividad aprobada en el Congreso de la Uni\u00f3n, pues los beneficios de esta planta en ciertos padecimientos est\u00e1n comprobados cient\u00edficamente.<\/p>\n","protected":false},"author":5,"featured_media":332613,"comment_status":"open","ping_status":"open","sticky":false,"template":"","format":"standard","meta":{"_monsterinsights_skip_tracking":false,"_monsterinsights_sitenote_active":false,"_monsterinsights_sitenote_note":"","_monsterinsights_sitenote_category":0,"footnotes":""},"categories":[5],"tags":[4277,43675,699,452],"class_list":["post-332612","post","type-post","status-publish","format-standard","has-post-thumbnail","hentry","category-estado-de-mexico","tag-conago","tag-estado-de-mexico","tag-issemym","tag-toluca"],"_links":{"self":[{"href":"https:\/\/www.diarioimagen.net\/index.php?rest_route=\/wp\/v2\/posts\/332612","targetHints":{"allow":["GET"]}}],"collection":[{"href":"https:\/\/www.diarioimagen.net\/index.php?rest_route=\/wp\/v2\/posts"}],"about":[{"href":"https:\/\/www.diarioimagen.net\/index.php?rest_route=\/wp\/v2\/types\/post"}],"author":[{"embeddable":true,"href":"https:\/\/www.diarioimagen.net\/index.php?rest_route=\/wp\/v2\/users\/5"}],"replies":[{"embeddable":true,"href":"https:\/\/www.diarioimagen.net\/index.php?rest_route=%2Fwp%2Fv2%2Fcomments&post=332612"}],"version-history":[{"count":0,"href":"https:\/\/www.diarioimagen.net\/index.php?rest_route=\/wp\/v2\/posts\/332612\/revisions"}],"wp:featuredmedia":[{"embeddable":true,"href":"https:\/\/www.diarioimagen.net\/index.php?rest_route=\/wp\/v2\/media\/332613"}],"wp:attachment":[{"href":"https:\/\/www.diarioimagen.net\/index.php?rest_route=%2Fwp%2Fv2%2Fmedia&parent=332612"}],"wp:term":[{"taxonomy":"category","embeddable":true,"href":"https:\/\/www.diarioimagen.net\/index.php?rest_route=%2Fwp%2Fv2%2Fcategories&post=332612"},{"taxonomy":"post_tag","embeddable":true,"href":"https:\/\/www.diarioimagen.net\/index.php?rest_route=%2Fwp%2Fv2%2Ftags&post=332612"}],"curies":[{"name":"wp","href":"https:\/\/api.w.org\/{rel}","templated":true}]}}