{"id":332662,"date":"2017-06-29T00:11:26","date_gmt":"2017-06-29T05:11:26","guid":{"rendered":"http:\/\/www.diarioimagen.net\/?p=332662"},"modified":"2017-06-29T04:50:58","modified_gmt":"2017-06-29T09:50:58","slug":"bienvenidas-nuevas-opciones-para-enfermos","status":"publish","type":"post","link":"https:\/\/www.diarioimagen.net\/?p=332662","title":{"rendered":"Bienvenidas, nuevas opciones para enfermos"},"content":{"rendered":"<h2>Arco Norte<\/h2>\n<h5>Jos\u00e9 Luis Monta\u00f1ez Aguilar<\/h5>\n<p>&nbsp;<\/p>\n<div id=\"attachment_332763\" style=\"width: 470px\" class=\"wp-caption aligncenter\"><a href=\"http:\/\/www.diarioimagen.net\/?attachment_id=332763\" rel=\"attachment wp-att-332763\"><img loading=\"lazy\" decoding=\"async\" aria-describedby=\"caption-attachment-332763\" class=\"size-large wp-image-332763\" src=\"http:\/\/www.diarioimagen.net\/wp-content\/uploads\/2017\/06\/arco-eruviel-3152-460x259.jpg\" alt=\"\" width=\"460\" height=\"259\" srcset=\"https:\/\/www.diarioimagen.net\/wp-content\/uploads\/2017\/06\/arco-eruviel-3152-460x259.jpg 460w, https:\/\/www.diarioimagen.net\/wp-content\/uploads\/2017\/06\/arco-eruviel-3152-240x135.jpg 240w, https:\/\/www.diarioimagen.net\/wp-content\/uploads\/2017\/06\/arco-eruviel-3152-235x132.jpg 235w, https:\/\/www.diarioimagen.net\/wp-content\/uploads\/2017\/06\/arco-eruviel-3152-202x114.jpg 202w, https:\/\/www.diarioimagen.net\/wp-content\/uploads\/2017\/06\/arco-eruviel-3152-350x196.jpg 350w, https:\/\/www.diarioimagen.net\/wp-content\/uploads\/2017\/06\/arco-eruviel-3152-220x123.jpg 220w, https:\/\/www.diarioimagen.net\/wp-content\/uploads\/2017\/06\/arco-eruviel-3152-237x132.jpg 237w, https:\/\/www.diarioimagen.net\/wp-content\/uploads\/2017\/06\/arco-eruviel-3152.jpg 480w\" sizes=\"auto, (max-width: 460px) 100vw, 460px\" \/><\/a><p id=\"caption-attachment-332763\" class=\"wp-caption-text\">Eruviel \u00c1vila est\u00e1 a favor del uso medicinal de la marihuana,<\/p><\/div>\n<p>&nbsp;<\/p>\n<p>Eruviel \u00c1vila Villegas se pronunci\u00f3 a favor de la aprobaci\u00f3n del uso de la <em>cannabis<\/em> con fines medicinales y anunci\u00f3 que el Estado de M\u00e9xico ya solicit\u00f3 al sector salud federal atender a pacientes mexiquenses con enfermedades cr\u00f3nico-degenerativas, mediante el uso medicinal de la mariguana, por lo que dijo que la entidad apoyar\u00e1 esta nueva normatividad aprobada en el Congreso de la Uni\u00f3n, pues los beneficios de esta planta en ciertos padecimientos est\u00e1n comprobados cient\u00edficamente.<\/p>\n<p>El gobernador anunci\u00f3 que, en su calidad de coordinador de la Comisi\u00f3n de Salud de la Conferencia Nacional de Gobernadores (Conago), impulsar\u00e1 este reglamento, a efecto de que todas las entidades del pa\u00eds puedan beneficiar a pacientes que requieren de nuevas opciones m\u00e9dicas y con ello mejorar la calidad de vida de miles de personas.<\/p>\n<p style=\"text-align: center;\"><strong>ISEM ha realizado 38 trasplantes de ri\u00f1\u00f3n<\/strong><\/p>\n<p>En lo que va del a\u00f1o, el Instituto de Salud del Estado de M\u00e9xico (ISEM) ha realizado 38 trasplantes de ri\u00f1\u00f3n, con lo que se ubica en sexto lugar a nivel nacional con este tipo de cirug\u00edas, inform\u00f3 la directora del Centro de Trasplantes del Estado de M\u00e9xico (CETRAEM), In\u00e9s D\u00edaz Mu\u00f1oz.<\/p>\n<p>La titular del CETRAEM indic\u00f3 que a trav\u00e9s del Seguro Popular la cirug\u00eda no tiene ning\u00fan costo en infantes, y en adultos var\u00eda de entre 10 mil a 14 mil pesos; en contraste, en el sector privado las familias mexiquenses deben erogar de 180 mil a 240 mil pesos por una cirug\u00eda similar.<\/p>\n<p>In\u00e9s D\u00edaz Mu\u00f1oz invit\u00f3 a la poblaci\u00f3n a convertirse en donadores, pues se\u00f1al\u00f3 que en la entidad hay una lista de espera de 120 personas con problemas renales que aguardan por un trasplante; mientras que a nivel nacional la lista es de 7 mil 826 personas. Agreg\u00f3 que de las 120 personas en lista de espera, tres son menores de edad que ya est\u00e1n programados para cirug\u00eda, pues en su caso recibir\u00e1n el \u00f3rgano de donadores vivos.<\/p>\n<p><em><a href=\"mailto:montanezaguilar@gmail.com\" target=\"_blank\" rel=\"noopener noreferrer\">montanezaguilar@gmail.com<\/a><\/em><\/p>\n","protected":false},"excerpt":{"rendered":"<p><span style=\"color: #005497;\">Jos\u00e9 Luis Monta\u00f1ez Aguilar<\/span><br \/>\n<br \/>\nEruviel \u00c1vila Villegas se pronunci\u00f3 a favor de la aprobaci\u00f3n del uso de la <em>cannabis<\/em> con fines medicinales y anunci\u00f3 que el Estado de M\u00e9xico ya solicit\u00f3 al sector salud federal atender a pacientes mexiquenses con enfermedades cr\u00f3nico-degenerativas, mediante el uso medicinal de la mariguana, por lo que dijo que la entidad apoyar\u00e1 esta nueva normatividad aprobada en el Congreso de la Uni\u00f3n, pues los beneficios de esta planta en ciertos padecimientos est\u00e1n comprobados cient\u00edficamente.<\/p>\n","protected":false},"author":3,"featured_media":332763,"comment_status":"open","ping_status":"open","sticky":false,"template":"","format":"standard","meta":{"_monsterinsights_skip_tracking":false,"_monsterinsights_sitenote_active":false,"_monsterinsights_sitenote_note":"","_monsterinsights_sitenote_category":0,"footnotes":""},"categories":[5],"tags":[13284,43704,43674],"class_list":["post-332662","post","type-post","status-publish","format-standard","has-post-thumbnail","hentry","category-estado-de-mexico","tag-arco-norte","tag-jose-luis-montanez-aguilar","tag-opinion"],"_links":{"self":[{"href":"https:\/\/www.diarioimagen.net\/index.php?rest_route=\/wp\/v2\/posts\/332662","targetHints":{"allow":["GET"]}}],"collection":[{"href":"https:\/\/www.diarioimagen.net\/index.php?rest_route=\/wp\/v2\/posts"}],"about":[{"href":"https:\/\/www.diarioimagen.net\/index.php?rest_route=\/wp\/v2\/types\/post"}],"author":[{"embeddable":true,"href":"https:\/\/www.diarioimagen.net\/index.php?rest_route=\/wp\/v2\/users\/3"}],"replies":[{"embeddable":true,"href":"https:\/\/www.diarioimagen.net\/index.php?rest_route=%2Fwp%2Fv2%2Fcomments&post=332662"}],"version-history":[{"count":0,"href":"https:\/\/www.diarioimagen.net\/index.php?rest_route=\/wp\/v2\/posts\/332662\/revisions"}],"wp:featuredmedia":[{"embeddable":true,"href":"https:\/\/www.diarioimagen.net\/index.php?rest_route=\/wp\/v2\/media\/332763"}],"wp:attachment":[{"href":"https:\/\/www.diarioimagen.net\/index.php?rest_route=%2Fwp%2Fv2%2Fmedia&parent=332662"}],"wp:term":[{"taxonomy":"category","embeddable":true,"href":"https:\/\/www.diarioimagen.net\/index.php?rest_route=%2Fwp%2Fv2%2Fcategories&post=332662"},{"taxonomy":"post_tag","embeddable":true,"href":"https:\/\/www.diarioimagen.net\/index.php?rest_route=%2Fwp%2Fv2%2Ftags&post=332662"}],"curies":[{"name":"wp","href":"https:\/\/api.w.org\/{rel}","templated":true}]}}