{"id":332683,"date":"2017-06-29T00:07:45","date_gmt":"2017-06-29T05:07:45","guid":{"rendered":"http:\/\/www.diarioimagen.net\/?p=332683"},"modified":"2017-06-29T04:00:55","modified_gmt":"2017-06-29T09:00:55","slug":"tultitlan-ofrece-ofertas-educativas-a-universitarios","status":"publish","type":"post","link":"https:\/\/www.diarioimagen.net\/?p=332683","title":{"rendered":"Tultitl\u00e1n ofrece ofertas educativas a universitarios"},"content":{"rendered":"<ul>\n<li><strong><em>Para que contin\u00faen sus estudios<\/em><\/strong><\/li>\n<\/ul>\n<p>&nbsp;<\/p>\n<div id=\"attachment_332739\" style=\"width: 470px\" class=\"wp-caption aligncenter\"><a href=\"http:\/\/www.diarioimagen.net\/?attachment_id=332739\" rel=\"attachment wp-att-332739\"><img loading=\"lazy\" decoding=\"async\" aria-describedby=\"caption-attachment-332739\" class=\"size-large wp-image-332739\" src=\"http:\/\/www.diarioimagen.net\/wp-content\/uploads\/2017\/06\/TULTITLAN-3152-460x259.jpg\" alt=\"\" width=\"460\" height=\"259\" srcset=\"https:\/\/www.diarioimagen.net\/wp-content\/uploads\/2017\/06\/TULTITLAN-3152-460x259.jpg 460w, https:\/\/www.diarioimagen.net\/wp-content\/uploads\/2017\/06\/TULTITLAN-3152-240x135.jpg 240w, https:\/\/www.diarioimagen.net\/wp-content\/uploads\/2017\/06\/TULTITLAN-3152-235x132.jpg 235w, https:\/\/www.diarioimagen.net\/wp-content\/uploads\/2017\/06\/TULTITLAN-3152-202x114.jpg 202w, https:\/\/www.diarioimagen.net\/wp-content\/uploads\/2017\/06\/TULTITLAN-3152-350x196.jpg 350w, https:\/\/www.diarioimagen.net\/wp-content\/uploads\/2017\/06\/TULTITLAN-3152-220x123.jpg 220w, https:\/\/www.diarioimagen.net\/wp-content\/uploads\/2017\/06\/TULTITLAN-3152-237x132.jpg 237w, https:\/\/www.diarioimagen.net\/wp-content\/uploads\/2017\/06\/TULTITLAN-3152.jpg 480w\" sizes=\"auto, (max-width: 460px) 100vw, 460px\" \/><\/a><p id=\"caption-attachment-332739\" class=\"wp-caption-text\">La direcci\u00f3n general de Educaci\u00f3n llev\u00f3 a a cabo la expo \u201cPabell\u00f3n Universitario 2017\u201d, con la participaci\u00f3n de 14 planteles.<\/p><\/div>\n<p>&nbsp;<\/p>\n<p><strong>Tultitl\u00e1n, Estado de M\u00e9xico<\/strong>.- Con el firme prop\u00f3sito de que cientos de estudiantes que egresan del nivel medio superior, cuenten con una amplia gama de oferta acad\u00e9mica \u00a0para continuar con sus estudios universitarios, el presidente municipal, Jorge Ad\u00e1n Barr\u00f3n Elizalde, a trav\u00e9s de la Direcci\u00f3n de Educaci\u00f3n, llevaron a cabo la expo \u201cPabell\u00f3n Universitario 2017\u201d, con la participaci\u00f3n de 14 planteles universitarios.<\/p>\n<p>Con sede en la explanada municipal, m\u00e1s de 500 j\u00f3venes que aspiran ingresar al nivel superior, se dieron cita para conocer detalladamente las ofertas educativas y becas que proporciona cada plantel.<\/p>\n<p>Al respecto, el director de Educaci\u00f3n, Octavio Hern\u00e1ndez, resalt\u00f3 que la importancia de tomar la mejor decisi\u00f3n posible a la hora de elegir una profesi\u00f3n; \u201ces por ello que invitamos a este sector a que verifiquen bien la carrera que deseen estudiar,\u00a0informarse ampliamente sobre el nivel de empleabilidad, salarios, \u00e1rea de trabajo y dejar de lado influencias, modas o presiones familiares\u201d indic\u00f3.<\/p>\n<p>Hern\u00e1ndez L\u00f3pez dijo que la Expo Pabell\u00f3n 2017, tambi\u00e9n ofreci\u00f3 becas\u00a0en diferentes modalidades, as\u00ed como pago de colegiaturas que se ajustan al alumno, tambi\u00e9n establece una instalaci\u00f3n dirigida a la empleabilidad, el emprendimiento y la vinculaci\u00f3n en el campus con las empresas para que en el futuro puedan laborar o\u00a0 ser emprendedores.<\/p>\n<p>Entre las instituciones participantes se encuentran; la Universidad de Ecatepec, Universidad de Cuautitl\u00e1n Izcalli, Universidad del Valle de M\u00e9xico, Universidad ICEL, entre otras.<\/p>\n<p>Finalmente, Karla Patricia Zumaya agradeci\u00f3 al gobierno municipal por preocuparse en llevar ofertas acad\u00e9micas al municipio ya que es m\u00e1s complicado trasladarse a cada una de ellas y el estar aqu\u00ed es de mayor utilidad debido a que no gasta m\u00e1s pasajes, es menos tiempo para elegir la escuela que m\u00e1s se acerca a sus necesidades acad\u00e9micas.<\/p>\n<p>&nbsp;<\/p>\n","protected":false},"excerpt":{"rendered":"<p>Con el firme prop\u00f3sito de que cientos de estudiantes que egresan del nivel medio superior, cuenten con una amplia gama de oferta acad\u00e9mica  para continuar con sus estudios universitarios, el presidente municipal, Jorge Ad\u00e1n Barr\u00f3n Elizalde, a trav\u00e9s de la Direcci\u00f3n de Educaci\u00f3n, llevaron a cabo la expo \u201cPabell\u00f3n Universitario 2017\u201d, con la participaci\u00f3n de 14 planteles universitarios.<\/p>\n","protected":false},"author":3,"featured_media":332739,"comment_status":"open","ping_status":"open","sticky":false,"template":"","format":"standard","meta":{"_monsterinsights_skip_tracking":false,"_monsterinsights_sitenote_active":false,"_monsterinsights_sitenote_note":"","_monsterinsights_sitenote_category":0,"footnotes":""},"categories":[35155],"tags":[43675,578,52784],"class_list":["post-332683","post","type-post","status-publish","format-standard","has-post-thumbnail","hentry","category-estado-de-mexico-estado-de-mexico","tag-estado-de-mexico","tag-tultitlan","tag-universitarios"],"_links":{"self":[{"href":"https:\/\/www.diarioimagen.net\/index.php?rest_route=\/wp\/v2\/posts\/332683","targetHints":{"allow":["GET"]}}],"collection":[{"href":"https:\/\/www.diarioimagen.net\/index.php?rest_route=\/wp\/v2\/posts"}],"about":[{"href":"https:\/\/www.diarioimagen.net\/index.php?rest_route=\/wp\/v2\/types\/post"}],"author":[{"embeddable":true,"href":"https:\/\/www.diarioimagen.net\/index.php?rest_route=\/wp\/v2\/users\/3"}],"replies":[{"embeddable":true,"href":"https:\/\/www.diarioimagen.net\/index.php?rest_route=%2Fwp%2Fv2%2Fcomments&post=332683"}],"version-history":[{"count":0,"href":"https:\/\/www.diarioimagen.net\/index.php?rest_route=\/wp\/v2\/posts\/332683\/revisions"}],"wp:featuredmedia":[{"embeddable":true,"href":"https:\/\/www.diarioimagen.net\/index.php?rest_route=\/wp\/v2\/media\/332739"}],"wp:attachment":[{"href":"https:\/\/www.diarioimagen.net\/index.php?rest_route=%2Fwp%2Fv2%2Fmedia&parent=332683"}],"wp:term":[{"taxonomy":"category","embeddable":true,"href":"https:\/\/www.diarioimagen.net\/index.php?rest_route=%2Fwp%2Fv2%2Fcategories&post=332683"},{"taxonomy":"post_tag","embeddable":true,"href":"https:\/\/www.diarioimagen.net\/index.php?rest_route=%2Fwp%2Fv2%2Ftags&post=332683"}],"curies":[{"name":"wp","href":"https:\/\/api.w.org\/{rel}","templated":true}]}}